{"id":223476,"date":"2025-08-21T13:01:05","date_gmt":"2025-08-21T16:01:05","guid":{"rendered":"https:\/\/corrientesdetarde.com\/?p=223476"},"modified":"2025-08-21T13:01:12","modified_gmt":"2025-08-21T16:01:12","slug":"con-exponentes-del-mundo-tecnologico-comenzo-una-nueva-edicion-de-la-telco-conf","status":"publish","type":"post","link":"https:\/\/corrientesdetarde.com\/index.php\/actualidad\/con-exponentes-del-mundo-tecnologico-comenzo-una-nueva-edicion-de-la-telco-conf\/","title":{"rendered":"Con exponentes del mundo tecnol\u00f3gico, comenz\u00f3 una nueva edici\u00f3n de la Telco Conf"},"content":{"rendered":"\n<p>Este jueves comenz\u00f3 la quinta edici\u00f3n de la Telco Conf, evento anual dedicado a explorar los temas m\u00e1s relevantes y actuales en el campo de la tecnolog\u00eda. Fue en el auditorio Juli\u00e1n Zini de la capital correntina y la apertura estuvo a cargo del vicegobernador, Pedro Braillard Poccard.<\/p>\n\n\n\n<p>Organizada por el Gobierno provincial a trav\u00e9s de Corrientes Telecomunicaciones (TelCo), la conferencia se consolida como la m\u00e1s importante de Corrientes, reuniendo a destacados speakers que comparten sus conocimientos y perspectivas sobre las \u00faltimas innovaciones y tendencias.&nbsp;Se extender\u00e1 en dos jornadas, jueves y viernes.<\/p>\n\n\n\n<p>En el transcurso de la misma, los participantes tienen la oportunidad de adentrarse en el futuro de la tecnolog\u00eda y conectar con l\u00edderes y expertos que est\u00e1n definiendo el panorama tecnol\u00f3gico actual, siendo adem\u00e1s una experiencia enriquecedora y transformadora.<\/p>\n\n\n\n<p>Pedro Braillard Poccard subray\u00f3 el \u201ccambio cualitativo\u201d que representa la intervenci\u00f3n de TelCo para apuntalar el desarrollo tecnol\u00f3gico de la provincia. \u201cLa extensi\u00f3n de la red de fibra \u00f3ptica ha sido monumental y construye la base de este desarrollo con conectividad\u201d, sostuvo.<\/p>\n\n\n\n<p>En ese sentido, remarc\u00f3 que \u201cse ha tomado especialmente en cuenta otro aspecto que tiene que ver con apostar al futuro y es un objetivo que se est\u00e1 cumpliendo: que cada alumno tenga su computadora\u201d, record\u00f3, en referencia al avance del programa Incluir Futuro, a trav\u00e9s del cual el gobierno de la provincia se propone completar este a\u00f1o el 100% de computadoras entregadas a estudiantes del nivel secundario.<\/p>\n\n\n\n<p>\u201cSon las herramientas para el desaf\u00edo que se les presente ma\u00f1ana: ya sea estudiar, la inserci\u00f3n laboral o simplemente desarrollar sus capacidades\u201d, enumer\u00f3 el vicegobernador. \u201cEsa es la esencia de todo esto\u201d, record\u00f3.<\/p>\n\n\n\n<p><strong>Manuel Vald\u00e9s<\/strong><\/p>\n\n\n\n<p>Ante los presentes, el presidente de TelCo, Manuel Vald\u00e9s celebr\u00f3 la puesta en marcha de este tipo de encuentros, que apunta a acercar a Corrientes las nuevas tecnolog\u00edas que van surgiendo, \u201cabriendo caminos hacia los mercados laborales, el conocimiento, la inform\u00e1tica y otros, en pos de una provincia con desarrollo y pujante\u201d.<\/p>\n\n\n\n<p>Asimismo, puso de relieve que el mismo pretende dar a conocer las \u201cnuevas tendencias, debatir ideas y propuestas en el mundo de la tecnolog\u00eda\u201d.<\/p>\n\n\n\n<p><strong>Grilla de speakers<\/strong><\/p>\n\n\n\n<p>Las entradas est\u00e1n disponibles en&nbsp;<em><a href=\"http:\/\/telcoconf.io\/entradas\" target=\"_blank\" rel=\"noreferrer noopener\">telcoconf.io\/entradas<\/a><\/em>&nbsp;con un valor de $4000 por d\u00eda.<\/p>\n\n\n\n<p>D\u00eda 1 \u2014 21 de agosto<\/p>\n\n\n\n<p>09:20 a 10:00 \u2014 1) Lucia Bellocchio: &#8220;Smart Cities &#8211; Visi\u00f3n y estrategia para un mejor futuro urbano&#8221;<\/p>\n\n\n\n<p>10:00 a 10:30 \u2014 2) Ragaco: &#8220;La AI y los tiempos que se vienen&#8221;<\/p>\n\n\n\n<p>10:30 \u2014 Coffee break<\/p>\n\n\n\n<p>10:45 a 11:15 \u2014 3) Alejandra Torres: &#8220;Inteligencia Artificial y Estado: desaf\u00edos regulatorios para ciudades inteligentes&#8221;<\/p>\n\n\n\n<p>11:15 a 12:00 \u2014 4) Gabriel Ortiz \u2014 PIXART: &#8220;Ingenier\u00eda de Alta Complejidad para una Educaci\u00f3n Inteligente&#8221;<\/p>\n\n\n\n<p>12:00 a 12:30 \u2014 5) Nahuel Orellano: &#8220;Conoce tu rol profesional del futuro&#8221;<\/p>\n\n\n\n<p>12:30 \u2014 Lunch break<\/p>\n\n\n\n<p>13:00 a 13:30 \u2014 6) Sebasti\u00e1n Fischer \u2014 BGH Tech Partner: &#8220;Impulsando la Transformaci\u00f3n Digital Telco con BGH Tech Partner&#8221;<\/p>\n\n\n\n<p>13:30 a 14:00 \u2014 7) Luciano Bertr\u00e1n y Carlos Encinas: &#8220;Adelant\u00e1ndonos al futuro. Educaci\u00f3n en modo IA&#8221;<\/p>\n\n\n\n<p>14:00 a 14:30 \u2014 8) Francisco Bosco: &#8220;Inteligencia artificial aplicada a estad\u00edsticas p\u00fablicas&#8221;<\/p>\n\n\n\n<p>14:30 a 15:00 \u2014 9) Maximiliano Noce \u2014 Druidics: &#8220;Acelerando la adopci\u00f3n de IA&#8221;<\/p>\n\n\n\n<p>15:00 a 15:30 \u2014 10) Ariel Ben\u00edtez y Nahuel Hollman: &#8220;Rob\u00f3tica educativa \u2014 Centro de Innovaci\u00f3n y Rob\u00f3tica de Riachuelo&#8221;<\/p>\n\n\n\n<p>D\u00eda 2 \u2014 22 de agosto<\/p>\n\n\n\n<p>09:00 a 09:30 \u2014 11) Hern\u00e1n Patan\u00e9 (El Burro Studio): &#8220;Desaf\u00edos t\u00e9cnicos y narrativos de hacer Malvinas: La \u00daltima Carta&#8221;<\/p>\n\n\n\n<p>09:30 a 10:00 \u2014 12) Abel D\u00edaz \u2014 Underc0de: &#8220;IA en el futuro de los videojuegos&#8221;<\/p>\n\n\n\n<p>10:00 a 10:30 \u2014 13) Iv\u00e1n Salvia: &#8220;Creaci\u00f3n audiovisual de alto impacto en redes sociales: Fotograf\u00eda, Photoshop, IA y edici\u00f3n de video&#8221;<\/p>\n\n\n\n<p>10:30 \u2014 Coffee break<\/p>\n\n\n\n<p>11:00 a 11:30 \u2014 14) Camila Duhalde \u2014 HUAWEI: &#8220;Transformando el Futuro: Hacia una Provincia Inteligente con IA y Soluciones Digitales&#8221;<\/p>\n\n\n\n<p>11:30 a 12:00 \u2014 15) Laura Gonzalez: &#8220;HumanOS: el sistema operativo que necesitamos instalar&#8221;<\/p>\n\n\n\n<p>12:00 a 12:30 \u2014 16) Eduardo Benitez: &#8220;Historias de un desarrollo. El DevBlog de una historia&#8221;<\/p>\n\n\n\n<p>12:30 \u2014 Lunch break<\/p>\n\n\n\n<p>13:00 a 13:30 \u2014 17) Francisco Mazzarelli, Cristina Marecos y Marcelo Franco: &#8220;IA aplicada a la salud&#8221;<\/p>\n\n\n\n<p>13:30 a 14:00 \u2014 18) Facundo Vallejos Yunes: &#8220;Cine sin l\u00edmites: c\u00f3mo la creatividad y la tecnolog\u00eda se potencian&#8221;<\/p>\n\n\n\n<p>14:00 a 14:30 \u2014 19) Martin Escudero: &#8220;La realidad tecnol\u00f3gica oxidada de las pymes argentinas&#8221;<\/p>\n\n\n\n<p><strong>Presencias<\/strong><\/p>\n\n\n\n<p>Acompa\u00f1aron la actividad, los ministros de Salud, Ricardo Cardozo; de Producci\u00f3n, Claudio Anselmo; de Ciencia y Tecnolog\u00eda, Natalia Romero; de Industria, Mariel Gabur; autoridades de la Universidad Nacional del Nordeste; la directora de TelCo, Anita Alegre L\u00f3pez; dem\u00e1s funcionarios y p\u00fablico en general.<\/p>\n\n\n\n<figure class=\"wp-block-image size-large\"><img loading=\"lazy\" decoding=\"async\" width=\"1024\" height=\"682\" src=\"https:\/\/corrientesdetarde.com\/wp-content\/uploads\/2025\/08\/image-869-1024x682.png\" alt=\"\" class=\"wp-image-223477\" srcset=\"https:\/\/corrientesdetarde.com\/wp-content\/uploads\/2025\/08\/image-869-1024x682.png 1024w, https:\/\/corrientesdetarde.com\/wp-content\/uploads\/2025\/08\/image-869-300x200.png 300w, https:\/\/corrientesdetarde.com\/wp-content\/uploads\/2025\/08\/image-869-768x512.png 768w, https:\/\/corrientesdetarde.com\/wp-content\/uploads\/2025\/08\/image-869.png 1280w\" sizes=\"auto, (max-width: 1024px) 100vw, 1024px\" \/><\/figure>\n\n\n\n<figure class=\"wp-block-image size-large\"><img loading=\"lazy\" decoding=\"async\" width=\"1024\" height=\"682\" src=\"https:\/\/corrientesdetarde.com\/wp-content\/uploads\/2025\/08\/image-870-1024x682.png\" alt=\"\" class=\"wp-image-223478\" srcset=\"https:\/\/corrientesdetarde.com\/wp-content\/uploads\/2025\/08\/image-870-1024x682.png 1024w, https:\/\/corrientesdetarde.com\/wp-content\/uploads\/2025\/08\/image-870-300x200.png 300w, https:\/\/corrientesdetarde.com\/wp-content\/uploads\/2025\/08\/image-870-768x512.png 768w, https:\/\/corrientesdetarde.com\/wp-content\/uploads\/2025\/08\/image-870.png 1280w\" sizes=\"auto, (max-width: 1024px) 100vw, 1024px\" \/><\/figure>\n\n\n\n<figure class=\"wp-block-image size-large\"><img loading=\"lazy\" decoding=\"async\" width=\"1024\" height=\"682\" src=\"https:\/\/corrientesdetarde.com\/wp-content\/uploads\/2025\/08\/image-871-1024x682.png\" alt=\"\" class=\"wp-image-223479\" srcset=\"https:\/\/corrientesdetarde.com\/wp-content\/uploads\/2025\/08\/image-871-1024x682.png 1024w, https:\/\/corrientesdetarde.com\/wp-content\/uploads\/2025\/08\/image-871-300x200.png 300w, https:\/\/corrientesdetarde.com\/wp-content\/uploads\/2025\/08\/image-871-768x512.png 768w, https:\/\/corrientesdetarde.com\/wp-content\/uploads\/2025\/08\/image-871.png 1280w\" sizes=\"auto, (max-width: 1024px) 100vw, 1024px\" \/><\/figure>\n\n\n\n<figure class=\"wp-block-image size-large\"><img loading=\"lazy\" decoding=\"async\" width=\"1024\" height=\"682\" src=\"https:\/\/corrientesdetarde.com\/wp-content\/uploads\/2025\/08\/image-872-1024x682.png\" alt=\"\" class=\"wp-image-223480\" srcset=\"https:\/\/corrientesdetarde.com\/wp-content\/uploads\/2025\/08\/image-872-1024x682.png 1024w, https:\/\/corrientesdetarde.com\/wp-content\/uploads\/2025\/08\/image-872-300x200.png 300w, https:\/\/corrientesdetarde.com\/wp-content\/uploads\/2025\/08\/image-872-768x512.png 768w, https:\/\/corrientesdetarde.com\/wp-content\/uploads\/2025\/08\/image-872.png 1280w\" sizes=\"auto, (max-width: 1024px) 100vw, 1024px\" \/><\/figure>\n\n\n\n<figure class=\"wp-block-image size-large\"><img loading=\"lazy\" decoding=\"async\" width=\"1024\" height=\"661\" src=\"https:\/\/corrientesdetarde.com\/wp-content\/uploads\/2025\/08\/image-873-1024x661.png\" alt=\"\" class=\"wp-image-223481\" srcset=\"https:\/\/corrientesdetarde.com\/wp-content\/uploads\/2025\/08\/image-873-1024x661.png 1024w, https:\/\/corrientesdetarde.com\/wp-content\/uploads\/2025\/08\/image-873-300x194.png 300w, https:\/\/corrientesdetarde.com\/wp-content\/uploads\/2025\/08\/image-873-768x496.png 768w, https:\/\/corrientesdetarde.com\/wp-content\/uploads\/2025\/08\/image-873.png 1031w\" sizes=\"auto, (max-width: 1024px) 100vw, 1024px\" \/><\/figure>\n\n\n\n<figure class=\"wp-block-image size-large\"><img loading=\"lazy\" decoding=\"async\" width=\"1024\" height=\"682\" src=\"https:\/\/corrientesdetarde.com\/wp-content\/uploads\/2025\/08\/image-874-1024x682.png\" alt=\"\" class=\"wp-image-223482\" srcset=\"https:\/\/corrientesdetarde.com\/wp-content\/uploads\/2025\/08\/image-874-1024x682.png 1024w, https:\/\/corrientesdetarde.com\/wp-content\/uploads\/2025\/08\/image-874-300x200.png 300w, https:\/\/corrientesdetarde.com\/wp-content\/uploads\/2025\/08\/image-874-768x512.png 768w, https:\/\/corrientesdetarde.com\/wp-content\/uploads\/2025\/08\/image-874.png 1280w\" sizes=\"auto, (max-width: 1024px) 100vw, 1024px\" \/><\/figure>\n\n\n\n<figure class=\"wp-block-image size-large\"><img loading=\"lazy\" decoding=\"async\" width=\"1024\" height=\"682\" src=\"https:\/\/corrientesdetarde.com\/wp-content\/uploads\/2025\/08\/image-875-1024x682.png\" alt=\"\" class=\"wp-image-223483\" srcset=\"https:\/\/corrientesdetarde.com\/wp-content\/uploads\/2025\/08\/image-875-1024x682.png 1024w, https:\/\/corrientesdetarde.com\/wp-content\/uploads\/2025\/08\/image-875-300x200.png 300w, https:\/\/corrientesdetarde.com\/wp-content\/uploads\/2025\/08\/image-875-768x512.png 768w, https:\/\/corrientesdetarde.com\/wp-content\/uploads\/2025\/08\/image-875.png 1280w\" sizes=\"auto, (max-width: 1024px) 100vw, 1024px\" \/><\/figure>\n\n\n\n<figure class=\"wp-block-image size-full\"><img loading=\"lazy\" decoding=\"async\" width=\"893\" height=\"557\" src=\"https:\/\/corrientesdetarde.com\/wp-content\/uploads\/2025\/08\/image-876.png\" alt=\"\" class=\"wp-image-223484\" srcset=\"https:\/\/corrientesdetarde.com\/wp-content\/uploads\/2025\/08\/image-876.png 893w, https:\/\/corrientesdetarde.com\/wp-content\/uploads\/2025\/08\/image-876-300x187.png 300w, https:\/\/corrientesdetarde.com\/wp-content\/uploads\/2025\/08\/image-876-768x479.png 768w\" sizes=\"auto, (max-width: 893px) 100vw, 893px\" \/><\/figure>\n\n\n\n<figure class=\"wp-block-image size-full\"><img loading=\"lazy\" decoding=\"async\" width=\"1006\" height=\"663\" src=\"https:\/\/corrientesdetarde.com\/wp-content\/uploads\/2025\/08\/image-877.png\" alt=\"\" class=\"wp-image-223485\" srcset=\"https:\/\/corrientesdetarde.com\/wp-content\/uploads\/2025\/08\/image-877.png 1006w, https:\/\/corrientesdetarde.com\/wp-content\/uploads\/2025\/08\/image-877-300x198.png 300w, https:\/\/corrientesdetarde.com\/wp-content\/uploads\/2025\/08\/image-877-768x506.png 768w\" sizes=\"auto, (max-width: 1006px) 100vw, 1006px\" \/><\/figure>\n\n\n\n<figure class=\"wp-block-image size-large\"><img loading=\"lazy\" decoding=\"async\" width=\"1024\" height=\"682\" src=\"https:\/\/corrientesdetarde.com\/wp-content\/uploads\/2025\/08\/image-878-1024x682.png\" alt=\"\" class=\"wp-image-223486\" srcset=\"https:\/\/corrientesdetarde.com\/wp-content\/uploads\/2025\/08\/image-878-1024x682.png 1024w, https:\/\/corrientesdetarde.com\/wp-content\/uploads\/2025\/08\/image-878-300x200.png 300w, https:\/\/corrientesdetarde.com\/wp-content\/uploads\/2025\/08\/image-878-768x512.png 768w, https:\/\/corrientesdetarde.com\/wp-content\/uploads\/2025\/08\/image-878.png 1280w\" sizes=\"auto, (max-width: 1024px) 100vw, 1024px\" \/><\/figure>\n","protected":false},"excerpt":{"rendered":"<p>Este jueves comenz\u00f3 la quinta edici\u00f3n de la Telco Conf, evento anual dedicado a explorar los temas m\u00e1s relevantes y actuales en el campo de la tecnolog\u00eda. Fue en el&hellip; <\/p>\n","protected":false},"author":8,"featured_media":223483,"comment_status":"closed","ping_status":"open","sticky":false,"template":"","format":"standard","meta":{"footnotes":""},"categories":[23],"tags":[],"class_list":["post-223476","post","type-post","status-publish","format-standard","has-post-thumbnail","hentry","category-actualidad"],"_links":{"self":[{"href":"https:\/\/corrientesdetarde.com\/index.php\/wp-json\/wp\/v2\/posts\/223476","targetHints":{"allow":["GET"]}}],"collection":[{"href":"https:\/\/corrientesdetarde.com\/index.php\/wp-json\/wp\/v2\/posts"}],"about":[{"href":"https:\/\/corrientesdetarde.com\/index.php\/wp-json\/wp\/v2\/types\/post"}],"author":[{"embeddable":true,"href":"https:\/\/corrientesdetarde.com\/index.php\/wp-json\/wp\/v2\/users\/8"}],"replies":[{"embeddable":true,"href":"https:\/\/corrientesdetarde.com\/index.php\/wp-json\/wp\/v2\/comments?post=223476"}],"version-history":[{"count":1,"href":"https:\/\/corrientesdetarde.com\/index.php\/wp-json\/wp\/v2\/posts\/223476\/revisions"}],"predecessor-version":[{"id":223487,"href":"https:\/\/corrientesdetarde.com\/index.php\/wp-json\/wp\/v2\/posts\/223476\/revisions\/223487"}],"wp:featuredmedia":[{"embeddable":true,"href":"https:\/\/corrientesdetarde.com\/index.php\/wp-json\/wp\/v2\/media\/223483"}],"wp:attachment":[{"href":"https:\/\/corrientesdetarde.com\/index.php\/wp-json\/wp\/v2\/media?parent=223476"}],"wp:term":[{"taxonomy":"category","embeddable":true,"href":"https:\/\/corrientesdetarde.com\/index.php\/wp-json\/wp\/v2\/categories?post=223476"},{"taxonomy":"post_tag","embeddable":true,"href":"https:\/\/corrientesdetarde.com\/index.php\/wp-json\/wp\/v2\/tags?post=223476"}],"curies":[{"name":"wp","href":"https:\/\/api.w.org\/{rel}","templated":true}]}}