{"id":223488,"date":"2025-08-21T13:04:53","date_gmt":"2025-08-21T16:04:53","guid":{"rendered":"https:\/\/corrientesdetarde.com\/?p=223488"},"modified":"2025-08-21T13:05:06","modified_gmt":"2025-08-21T16:05:06","slug":"dura-critica-de-patricia-bullrich-a-kicillof-por-los-graves-incidentes-en-independiente-universidad-de-chile","status":"publish","type":"post","link":"https:\/\/corrientesdetarde.com\/index.php\/politica\/dura-critica-de-patricia-bullrich-a-kicillof-por-los-graves-incidentes-en-independiente-universidad-de-chile\/","title":{"rendered":"Dura cr\u00edtica de Patricia Bullrich a Kicillof por los graves incidentes en Independiente-Universidad de Chile"},"content":{"rendered":"\n<p>La ministra de Seguridad critic\u00f3 el operativo de la Polic\u00eda Bonaerense tras los violentos enfrentamientos entre barras argentinos y chilenos. Adem\u00e1s, anunci\u00f3 que expulsar\u00e1 a los extranjeros involucrados en la batalla campal. Hay 105 detenidos y dos heridos graves.<\/p>\n\n\n\n<p><strong>Patricia Bullrich<\/strong>\u00a0cruz\u00f3 a\u00a0<strong>Axel Kicillof<\/strong>\u00a0tras los\u00a0<strong>violentos incidentes<\/strong>\u00a0ocurridos el mi\u00e9rcoles por la noche durante el partido de\u00a0<strong>Copa Sudamericana\u00a0<\/strong>entre\u00a0<strong>Independiente<\/strong>y\u00a0<strong>Universidad de Chile<\/strong>en Avellaneda, que termin\u00f3 con\u00a0<strong>dos personas en terapia intensiva<\/strong>, 110 detenidos y al\u00a0menos 16 heridos.<\/p>\n\n\n\n<p>\u201cEl Gobierno de la Provincia de Buenos Aires&nbsp;<strong>dej\u00f3 que la violencia se adue\u00f1e de la cancha<\/strong>\u201d, sentenci\u00f3 la ministra de Seguridad de la Naci\u00f3n, y advirti\u00f3: \u201c<strong>Les da miedo hacer intervenir a la Polic\u00eda<\/strong>&nbsp;para recuperar el orden\u201d.<\/p>\n\n\n\n<p>Bullrich public\u00f3 un mensaje en su cuenta de X donde adem\u00e1s vincul\u00f3 la violencia en las tribunas con un&nbsp;<strong>presunto pacto pol\u00edtico<\/strong>&nbsp;entre el oficialismo bonaerense y los&nbsp;<strong>barrabravas<\/strong>.<\/p>\n\n\n\n<p>\u201cConviven con los barras y sus negocios, igual que antes festejaban y trabajaban con los grupos piqueteros que llevaron a la Argentina al desorden\u201d, escribi\u00f3, y remat\u00f3 con una acusaci\u00f3n directa: \u201cEl&nbsp;<strong>in\u00fatil de Kicillof<\/strong>&nbsp;se saca fotos con (Claudio, el presidente de la AFA) Tapia para la vuelta de las dos hinchadas por puro show electoral, pero es evidente que&nbsp;<strong>no puede garantizar la seguridad<\/strong>&nbsp;ni cuidar a la gente\u201d.<\/p>\n\n\n\n<figure class=\"wp-block-image\"><img decoding=\"async\" src=\"https:\/\/tn.com.ar\/resizer\/v2\/los-hinchas-chilenos-escaparon-ensangrentados-de-la-tribuna-del-estadio-de-independiente-foto-tn-U4EG7LHIXVBULCFGP2U6RFB374.jpg?auth=4a860f504e4202c2f816e9680bd06a16627335aee308f33893159a1eb66f7ae4&amp;width=767\" alt=\"Los hinchas chilenos escaparon ensangrentados de la tribuna del estadio de Independiente. (Foto: TN).\"\/><\/figure>\n\n\n\n<p>En la misma l\u00ednea, desde el&nbsp;<strong>Ministerio de Seguridad Nacional<\/strong>&nbsp;emitieron un comunicado en el que tambi\u00e9n responsabilizaron a las autoridades provinciales por los incidentes. \u201cEl&nbsp;<strong>operativo de seguridad es siempre jurisdiccional<\/strong>&nbsp;y, en este caso, estuvo bajo la responsabilidad de la Provincia de Buenos Aires\u201d, indicaron. Y denunciaron&nbsp;<strong>fallas graves<\/strong>: desde el&nbsp;<strong>ingreso violento&nbsp;<\/strong>de la barra visitante y el&nbsp;<strong>uso de proyectiles<\/strong>&nbsp;hasta la&nbsp;<strong>ausencia de requisas<\/strong>&nbsp;y la decisi\u00f3n de no instalar&nbsp;<strong>redes de contenci\u00f3n<\/strong>&nbsp;en la tribuna.<\/p>\n\n\n\n<p>Adem\u00e1s, el texto asegura que la Polic\u00eda Bonaerense<strong>&nbsp;\u201crecibi\u00f3 la orden de no intervenir desde antes del inicio del partido\u201d<\/strong>, lo que, seg\u00fan el Ministerio, prolong\u00f3 la violencia \u201csin control\u201d y dej\u00f3 una \u201ctragedia\u201d. Por este motivo, el gobierno nacional anunci\u00f3 que se&nbsp;<strong>presentar\u00e1 como querellante<\/strong>&nbsp;en la causa penal que investigar\u00e1 lo ocurrido.<\/p>\n\n\n\n<p>En paralelo, la cartera liderada por Bullrich comunic\u00f3 una serie de medidas: aplicaci\u00f3n del&nbsp;<strong>derecho de admisi\u00f3n de por vida<\/strong>&nbsp;en todo el pa\u00eds para los involucrados, entrega urgente de las&nbsp;<strong>im\u00e1genes de las c\u00e1maras<\/strong>&nbsp;del estadio y sus alrededores,&nbsp;<strong>expulsi\u00f3n de violentos extranjeros<\/strong>&nbsp;y pedidos formales a Chile para que proh\u00edba su ingreso a estadios. Tambi\u00e9n reclam\u00f3&nbsp;<strong>sanciones ejemplares a la Conmebol<\/strong>&nbsp;contra Universidad de Chile como club visitante.<\/p>\n\n\n\n<p>Los disturbios comenzaron desde los primeros minutos del partido, cuando hinchas de la \u201cU\u201d&nbsp;<strong>arrojaron proyectiles desde la tribuna superior<\/strong>. Luego&nbsp;<strong>incendiaron butacas<\/strong>&nbsp;en la tribuna Pavoni y, durante el entretiempo, los jugadores del equipo chileno pidieron que se desaloje la tribuna.<\/p>\n\n\n\n<figure class=\"wp-block-image\"><img decoding=\"async\" src=\"https:\/\/tn.com.ar\/resizer\/v2\/poco-antes-de-la-medianoche-la-conmebol-suspendio-el-encuentro-foto-efe-HIVMBQHCR5HNHDV2M6EJ73FCFE.jpg?auth=599be4164825abc3bfa411f81873674aadff5ad0a946318a6dc4f1de53a51dca&amp;width=767\" alt=\"Poco antes de la medianoche, la Conmebol suspendi\u00f3 el encuentro. (Foto: EFE)\"\/><\/figure>\n\n\n\n<p>Poco antes de la medianoche, la Conmebol suspendi\u00f3 el encuentro. Dos hinchas chilenos debieron ser operados por&nbsp;<strong>fracturas de cr\u00e1neo<\/strong>&nbsp;y permanecen internados en terapia intensiva en el hospital Fiorito.<\/p>\n\n\n\n<p>\u201c<strong>Recuperamos el orden una vez<\/strong>, y ahora vamos a hacer lo mismo con los barras bravas, sean de donde sean\u201d, advirti\u00f3 Bullrich, en un mensaje que mezcla seguridad y campa\u00f1a electoral.<\/p>\n\n\n\n<p>Desde su ministerio remarcaron que, a diferencia de la actuaci\u00f3n provincial, las&nbsp;<strong>fuerzas federales cumplieron con sus funciones<\/strong>: requisaron los micros de la barra chilena, controlaron a m\u00e1s de 25 mil asistentes con el&nbsp;<strong>programa Tribuna Segura<\/strong>&nbsp;y bloquearon el ingreso de&nbsp;<strong>Juan \u201cEl Gordo Juani\u201d Lenzicki<\/strong>, jefe de la barra de Independiente con derecho de admisi\u00f3n vigente.<\/p>\n\n\n\n<p>Finalmente, el Ministerio de Seguridad Nacional exigi\u00f3<strong>&nbsp;\u201cactuaciones inmediatas\u201d&nbsp;<\/strong>por parte de Aprevide y del Ministerio de Seguridad bonaerense. Y cerr\u00f3 con una advertencia: \u201cEl orden y la seguridad de los argentinos&nbsp;<strong>no puede quedar subordinada a la especulaci\u00f3n pol\u00edtica<\/strong>&nbsp;ni a intereses electorales\u201d.<\/p>\n","protected":false},"excerpt":{"rendered":"<p>La ministra de Seguridad critic\u00f3 el operativo de la Polic\u00eda Bonaerense tras los violentos enfrentamientos entre barras argentinos y chilenos. Adem\u00e1s, anunci\u00f3 que expulsar\u00e1 a los extranjeros involucrados en la&hellip; <\/p>\n","protected":false},"author":8,"featured_media":223489,"comment_status":"closed","ping_status":"open","sticky":false,"template":"","format":"standard","meta":{"footnotes":""},"categories":[3],"tags":[],"class_list":["post-223488","post","type-post","status-publish","format-standard","has-post-thumbnail","hentry","category-politica"],"_links":{"self":[{"href":"https:\/\/corrientesdetarde.com\/index.php\/wp-json\/wp\/v2\/posts\/223488","targetHints":{"allow":["GET"]}}],"collection":[{"href":"https:\/\/corrientesdetarde.com\/index.php\/wp-json\/wp\/v2\/posts"}],"about":[{"href":"https:\/\/corrientesdetarde.com\/index.php\/wp-json\/wp\/v2\/types\/post"}],"author":[{"embeddable":true,"href":"https:\/\/corrientesdetarde.com\/index.php\/wp-json\/wp\/v2\/users\/8"}],"replies":[{"embeddable":true,"href":"https:\/\/corrientesdetarde.com\/index.php\/wp-json\/wp\/v2\/comments?post=223488"}],"version-history":[{"count":1,"href":"https:\/\/corrientesdetarde.com\/index.php\/wp-json\/wp\/v2\/posts\/223488\/revisions"}],"predecessor-version":[{"id":223490,"href":"https:\/\/corrientesdetarde.com\/index.php\/wp-json\/wp\/v2\/posts\/223488\/revisions\/223490"}],"wp:featuredmedia":[{"embeddable":true,"href":"https:\/\/corrientesdetarde.com\/index.php\/wp-json\/wp\/v2\/media\/223489"}],"wp:attachment":[{"href":"https:\/\/corrientesdetarde.com\/index.php\/wp-json\/wp\/v2\/media?parent=223488"}],"wp:term":[{"taxonomy":"category","embeddable":true,"href":"https:\/\/corrientesdetarde.com\/index.php\/wp-json\/wp\/v2\/categories?post=223488"},{"taxonomy":"post_tag","embeddable":true,"href":"https:\/\/corrientesdetarde.com\/index.php\/wp-json\/wp\/v2\/tags?post=223488"}],"curies":[{"name":"wp","href":"https:\/\/api.w.org\/{rel}","templated":true}]}}