{"id":223491,"date":"2025-08-21T13:08:26","date_gmt":"2025-08-21T16:08:26","guid":{"rendered":"https:\/\/corrientesdetarde.com\/?p=223491"},"modified":"2025-08-21T13:08:56","modified_gmt":"2025-08-21T16:08:56","slug":"luis-caputo-relativizo-el-rechazo-de-diputados-al-veto-de-milei-no-nos-movemos-del-plan-economico","status":"publish","type":"post","link":"https:\/\/corrientesdetarde.com\/index.php\/economia\/luis-caputo-relativizo-el-rechazo-de-diputados-al-veto-de-milei-no-nos-movemos-del-plan-economico\/","title":{"rendered":"Luis Caputo relativiz\u00f3 el rechazo de Diputados al veto de Milei: \u201cNo nos movemos del plan econ\u00f3mico\u201d"},"content":{"rendered":"\n<p>En el Council de las Am\u00e9ricas, el ministro de Econom\u00eda acus\u00f3 a la \u201cvieja pol\u00edtica\u201d de anular la decisi\u00f3n del Presidente sobre la Emergencia en Discapacidad. Se mostr\u00f3 confiado en que el oficialismo saldr\u00e1 fortalecido tras las elecciones.<\/p>\n\n\n\n<p>El ministro de Econom\u00eda, <strong>Luis Caputo<\/strong>, particip\u00f3 este jueves del Council de las Am\u00e9ricas, organizado por la C\u00e1mara Argentina de Comercio y Servicios (CAC), y disert\u00f3 ante empresarios. El funcionario minimiz\u00f3 el rechazo del Congreso a la decisi\u00f3n del Presidente sobre la Emergencia en Discapacidad y ratific\u00f3 el\u00a0<strong>plan econ\u00f3mico.<\/strong><\/p>\n\n\n\n<p>\u201cNo estoy siguiendo los acontecimientos del Congreso. Est\u00e1bamos preparados para esto. Estas actitudes las vemos desde hace 18 meses. Son obst\u00e1culos de corto plazo.&nbsp;<strong>No vamos a mover un \u00e1pice de nuestro programa&nbsp;<\/strong>econ\u00f3mico\u201d, afirm\u00f3 el jefe de Hacienda.<\/p>\n\n\n\n<p>Caputo acus\u00f3 a la<strong>&nbsp;oposici\u00f3n de buscar desestabilizar&nbsp;<\/strong>al Gobierno y dijo que la \u201cvieja pol\u00edtica\u201d quiere que \u201cal pa\u00eds le vaya mal\u201d.&nbsp;<strong>\u201cCuando mejor nos vaya econ\u00f3micamente, m\u00e1s ataques vamos a padecer<\/strong>\u201d, plante\u00f3.<\/p>\n\n\n\n<p>En ese sentido, el funcionario asegur\u00f3 que&nbsp;<strong>\u201cla gente vot\u00f3 un cambio. Si algo quiere la gente es que aceleremos y eso es lo que nosotros vamos a hacer<\/strong>\u201d, afirm\u00f3.<\/p>\n\n\n\n<p>Para Caputo, los argentinos van a \u201cratificar este rumbo\u201d en las urnas en las pr\u00f3ximas elecciones legislativas.<\/p>\n\n\n\n<figure class=\"wp-block-image\"><img decoding=\"async\" src=\"https:\/\/tn.com.ar\/resizer\/v2\/luis-caputo-relativizo-el-rechazo-de-diputados-al-veto-de-milei-no-nos-movemos-del-plan-economico-foto-efe-G24MPOETUJG4XCS3DHJSRNV4CA.jpg?auth=1bb1a6846bb54a5965da4f9f26283720b60ede00fd5d984c6db5ab43d14a14cb&amp;width=767\" alt=\"Luis Caputo relativiz\u00f3 el rechazo de Diputados al veto de Milei: \u201cNo nos movemos del plan econ\u00f3mico\u201d (Foto: EFE)\"\/><\/figure>\n\n\n\n<p>El funcionario destac\u00f3 el car\u00e1cter del presidente Javier Milei. \u201cEs lo m\u00e1s valioso que tiene. Es importante tener a alguien que mantiene esas convicciones, aun en los momentos de mayor presi\u00f3n y de intentos de desbaratar el trabajo que venimos haciendo\u201d, dijo.<\/p>\n\n\n\n<h2 class=\"wp-block-heading\">Luis Caputo ratific\u00f3 el rumbo econ\u00f3mico ante empresarios<\/h2>\n\n\n\n<p>Durante su exposici\u00f3n en el Council de las Am\u00e9ricas, el ministro de Econom\u00eda, Luis Caputo, ratific\u00f3 que el Gobierno continuar\u00e1&nbsp;<strong>bajando la inflaci\u00f3n, los impuestos y la pobreza<\/strong>.<\/p>\n\n\n\n<p>\u201cVamos a seguir bajando regulaciones burocracias que les molesta a todos. Y vamos a seguir generando empleo y mejores salarios\u201d, sum\u00f3.<\/p>\n\n\n\n<p>\u201c<strong>Nuestro objetivo es que la Argentina se convierta en el pa\u00eds m\u00e1s libre y de mayor crecimiento en los pr\u00f3ximos 30 a\u00f1os<\/strong>\u201d, concluy\u00f3 en el Council de las Am\u00e9ricas.<\/p>\n\n\n\n<p>El evento tambi\u00e9n contar\u00e1 con la presencia del presidente&nbsp;<strong>Javier Milei<\/strong>,quedar\u00e1 el discurso de cierre al mediod\u00eda, tras el debate por los vetos en el Congreso y en la antesala electoral.<\/p>\n\n\n\n<p>El jefe de Gabinete,&nbsp;<strong>Guillermo Francos<\/strong>, tambi\u00e9n expondr\u00e1 ante los empresarios. Seguido por la titular del Ministerio de Capital Humano,&nbsp;<strong>Sandra Pettovello<\/strong>, y su par de Desregulaci\u00f3n,<strong>&nbsp;Federico Sturzenegger<\/strong>. Ambos abordar\u00e1n los principales ejes de campa\u00f1a y las propuestas para enfrentar la segunda etapa de la gesti\u00f3n.<\/p>\n","protected":false},"excerpt":{"rendered":"<p>En el Council de las Am\u00e9ricas, el ministro de Econom\u00eda acus\u00f3 a la \u201cvieja pol\u00edtica\u201d de anular la decisi\u00f3n del Presidente sobre la Emergencia en Discapacidad. Se mostr\u00f3 confiado en&hellip; <\/p>\n","protected":false},"author":8,"featured_media":223492,"comment_status":"closed","ping_status":"open","sticky":false,"template":"","format":"standard","meta":{"footnotes":""},"categories":[20],"tags":[],"class_list":["post-223491","post","type-post","status-publish","format-standard","has-post-thumbnail","hentry","category-economia"],"_links":{"self":[{"href":"https:\/\/corrientesdetarde.com\/index.php\/wp-json\/wp\/v2\/posts\/223491","targetHints":{"allow":["GET"]}}],"collection":[{"href":"https:\/\/corrientesdetarde.com\/index.php\/wp-json\/wp\/v2\/posts"}],"about":[{"href":"https:\/\/corrientesdetarde.com\/index.php\/wp-json\/wp\/v2\/types\/post"}],"author":[{"embeddable":true,"href":"https:\/\/corrientesdetarde.com\/index.php\/wp-json\/wp\/v2\/users\/8"}],"replies":[{"embeddable":true,"href":"https:\/\/corrientesdetarde.com\/index.php\/wp-json\/wp\/v2\/comments?post=223491"}],"version-history":[{"count":1,"href":"https:\/\/corrientesdetarde.com\/index.php\/wp-json\/wp\/v2\/posts\/223491\/revisions"}],"predecessor-version":[{"id":223493,"href":"https:\/\/corrientesdetarde.com\/index.php\/wp-json\/wp\/v2\/posts\/223491\/revisions\/223493"}],"wp:featuredmedia":[{"embeddable":true,"href":"https:\/\/corrientesdetarde.com\/index.php\/wp-json\/wp\/v2\/media\/223492"}],"wp:attachment":[{"href":"https:\/\/corrientesdetarde.com\/index.php\/wp-json\/wp\/v2\/media?parent=223491"}],"wp:term":[{"taxonomy":"category","embeddable":true,"href":"https:\/\/corrientesdetarde.com\/index.php\/wp-json\/wp\/v2\/categories?post=223491"},{"taxonomy":"post_tag","embeddable":true,"href":"https:\/\/corrientesdetarde.com\/index.php\/wp-json\/wp\/v2\/tags?post=223491"}],"curies":[{"name":"wp","href":"https:\/\/api.w.org\/{rel}","templated":true}]}}