{"id":223497,"date":"2025-08-21T13:19:38","date_gmt":"2025-08-21T16:19:38","guid":{"rendered":"https:\/\/corrientesdetarde.com\/?p=223497"},"modified":"2025-08-21T13:19:43","modified_gmt":"2025-08-21T16:19:43","slug":"la-furia-de-wanda-nara-cuando-descubrio-la-donacion-que-hizo-icardi-te-haces-el-solidario-con-mi-dinero","status":"publish","type":"post","link":"https:\/\/corrientesdetarde.com\/index.php\/espectaculos\/la-furia-de-wanda-nara-cuando-descubrio-la-donacion-que-hizo-icardi-te-haces-el-solidario-con-mi-dinero\/","title":{"rendered":"La furia de Wanda Nara cuando descubri\u00f3 la donaci\u00f3n que hizo Icardi: \u201cTe hac\u00e9s el solidario con mi dinero\u201d"},"content":{"rendered":"\n<p>De esta manera, la medi\u00e1tica dio a entender que el delantero del Galatasaray cumpli\u00f3 con una amenaza que le hab\u00eda hecho tiempo atr\u00e1s.<\/p>\n\n\n\n<p><strong>Wanda Nara<\/strong>\u00a0est\u00e1 furiosa con\u00a0<strong>Mauro Icardi<\/strong>. Hace minutos, lo acus\u00f3 de\u00a0<strong>hacerse el solidario con bienes que no le pertenecen.<\/strong>\u00a0De esta manera, dio a entender que el delantero del Galatasaray cumpli\u00f3 con la amenaza de\u00a0vaciarle el placard de la casa de Turqu\u00eda.<\/p>\n\n\n\n<p>\u201cNo debo ninguna multa a nadie. Segu\u00eds ejerciendo violencia. Hasta que la Justicia Penal resuelva las seis denuncias por violencia de g\u00e9nero que ten\u00e9s\u201d, escribi\u00f3 en una historia de Instagram.<\/p>\n\n\n\n<figure class=\"wp-block-image\"><img decoding=\"async\" src=\"https:\/\/tn.com.ar\/resizer\/v2\/wanda-nara-expuso-a-mauro-icardi-te-haces-el-solidario-y-ayudas-a-fundaciones-con-mi-dinero-foto-captura-instagram-wandabadbitch-FECTJZS46NEZTFU5KSAS6VQDSI.PNG?auth=49fb726b5a6e60b711fa41ec8dd2d021f8a390261af97d4069b66f4d49ead96d&amp;width=767\" alt=\"Wanda Nara expuso a Mauro Icardi: \u201cTe hac\u00e9s el solidario y ayud\u00e1s a fundaciones con mi dinero\u201d (Foto: Captura Instagram \/wandabadbitch)\"\/><\/figure>\n\n\n\n<p>Luego lanz\u00f3:&nbsp;<strong>\u201cTe hac\u00e9s el que sos solidario y ayud\u00e1s a fundaciones con mi dinero y con mi mudanza\u201d<\/strong>. \u201cA ver si sos tan solidario pero con tus cosas.&nbsp;<strong>Por qu\u00e9 no ayud\u00e1s primero a los tuyos y con la tuya, no con la m\u00eda&#8221;<\/strong>, lo desafi\u00f3.<\/p>\n\n\n\n<p>Despu\u00e9s de remarcar que ella no tiene ninguna multa ni le debe nada a nadie, se\u00f1al\u00f3: \u201cHay mucha carencia y necesidad afectiva, sobre todo en gente que lleva tu apellido. Muchos con verg\u00fcenza. Ocupate de ellos\u201d. \u201cYo seguir\u00e9 ocup\u00e1ndome de nuestras hijas mientras que sigas despechado\u201d, concluy\u00f3.<\/p>\n\n\n\n<h2 class=\"wp-block-heading\">Mauro Icardi hab\u00eda advertido que iba a vaciarle el placard a Wanda Nara en Turqu\u00eda<\/h2>\n\n\n\n<p>A fines de julio,&nbsp;<strong>trascendi\u00f3 que Wanda Nara<\/strong>&nbsp;y&nbsp;<strong>Mauro Icardi<\/strong>&nbsp;<strong>podr\u00edan enfrentar una nueva guerra.<\/strong><\/p>\n\n\n\n<p>\u201cLes voy a contar la decisi\u00f3n que tom\u00f3 Mauro Icardi y que va a hacer trinar a Wanda Nara\u201d, anunci\u00f3 Pepe Ochoa al aire de&nbsp;<em>SQP&nbsp;<\/em>(<em>Am\u00e9rica<\/em>), que defini\u00f3 el accionar del futbolista como \u201cun plan macabro\u201d.<\/p>\n\n\n\n<figure class=\"wp-block-image\"><img decoding=\"async\" src=\"https:\/\/tn.com.ar\/resizer\/v2\/wanda-nara-y-mauro-icardi-no-se-pueden-ni-ver-foto-instagramwandaicardi-GUTVS77LKZF45BEJUXUMU66NTU.jpg?auth=0a840855d6ee10f5d86a74bc1bcc087201530d43522c0f0ab1e25d35a8e64b0c&amp;width=767\" alt=\"Wanda Nara y Mauro Icardi no se pueden ni ver (Foto: Instagram\/@wanda_icardi)\"\/><\/figure>\n\n\n\n<p>Acto seguido, cont\u00f3: \u201cHay dos fundaciones que recibieron un mensaje de Mauro Icardi diciendo que<strong>&nbsp;quer\u00eda donar parte de la ropa de Wanda y de los hijos varones<\/strong>\u201d. \u201cLa excusa es que ya no viven ah\u00ed y no van a volver, que hay muchas cosas y que no sobra el espacio. Entonces, todo lo que sobra, lo va a donar. Y parte de las carteras que Wanda tiene all\u00e1 tambi\u00e9n\u201d, sostuvo.<\/p>\n\n\n\n<p>Ante las preguntas de los panelistas, el productor advirti\u00f3: \u201cSeg\u00fan lo que me cuenta mi fuente,\u00a0<strong>la\u00a0China Su\u00e1rez\u00a0no tiene nada que ver con este arrebato de Mauro\u201d.<\/strong><\/p>\n\n\n\n<p>A modo de cierre, revel\u00f3:&nbsp;<strong>\u201cLas fundaciones son dos. A una va a donar la ropa de los ni\u00f1os, calzados y juguetes. Y a la otra, la ropa de Wanda, sus cosas m\u00e1s valiosas y varias carteras\u201d.<\/strong><\/p>\n","protected":false},"excerpt":{"rendered":"<p>De esta manera, la medi\u00e1tica dio a entender que el delantero del Galatasaray cumpli\u00f3 con una amenaza que le hab\u00eda hecho tiempo atr\u00e1s. Wanda Nara\u00a0est\u00e1 furiosa con\u00a0Mauro Icardi. Hace minutos,&hellip; <\/p>\n","protected":false},"author":8,"featured_media":223498,"comment_status":"closed","ping_status":"open","sticky":false,"template":"","format":"standard","meta":{"footnotes":""},"categories":[19],"tags":[],"class_list":["post-223497","post","type-post","status-publish","format-standard","has-post-thumbnail","hentry","category-espectaculos"],"_links":{"self":[{"href":"https:\/\/corrientesdetarde.com\/index.php\/wp-json\/wp\/v2\/posts\/223497","targetHints":{"allow":["GET"]}}],"collection":[{"href":"https:\/\/corrientesdetarde.com\/index.php\/wp-json\/wp\/v2\/posts"}],"about":[{"href":"https:\/\/corrientesdetarde.com\/index.php\/wp-json\/wp\/v2\/types\/post"}],"author":[{"embeddable":true,"href":"https:\/\/corrientesdetarde.com\/index.php\/wp-json\/wp\/v2\/users\/8"}],"replies":[{"embeddable":true,"href":"https:\/\/corrientesdetarde.com\/index.php\/wp-json\/wp\/v2\/comments?post=223497"}],"version-history":[{"count":1,"href":"https:\/\/corrientesdetarde.com\/index.php\/wp-json\/wp\/v2\/posts\/223497\/revisions"}],"predecessor-version":[{"id":223499,"href":"https:\/\/corrientesdetarde.com\/index.php\/wp-json\/wp\/v2\/posts\/223497\/revisions\/223499"}],"wp:featuredmedia":[{"embeddable":true,"href":"https:\/\/corrientesdetarde.com\/index.php\/wp-json\/wp\/v2\/media\/223498"}],"wp:attachment":[{"href":"https:\/\/corrientesdetarde.com\/index.php\/wp-json\/wp\/v2\/media?parent=223497"}],"wp:term":[{"taxonomy":"category","embeddable":true,"href":"https:\/\/corrientesdetarde.com\/index.php\/wp-json\/wp\/v2\/categories?post=223497"},{"taxonomy":"post_tag","embeddable":true,"href":"https:\/\/corrientesdetarde.com\/index.php\/wp-json\/wp\/v2\/tags?post=223497"}],"curies":[{"name":"wp","href":"https:\/\/api.w.org\/{rel}","templated":true}]}}