{"id":223527,"date":"2025-08-21T15:21:10","date_gmt":"2025-08-21T18:21:10","guid":{"rendered":"https:\/\/corrientesdetarde.com\/?p=223527"},"modified":"2025-08-21T15:21:28","modified_gmt":"2025-08-21T18:21:28","slug":"el-gobierno-definio-al-nuevo-titular-de-la-agencia-de-discapacidad-tras-la-salida-de-spagnuolo","status":"publish","type":"post","link":"https:\/\/corrientesdetarde.com\/index.php\/politica\/el-gobierno-definio-al-nuevo-titular-de-la-agencia-de-discapacidad-tras-la-salida-de-spagnuolo\/","title":{"rendered":"El Gobierno defini\u00f3 al nuevo titular de la Agencia de Discapacidad tras la salida de Spagnuolo"},"content":{"rendered":"\n<p>El reemplazo ser\u00e1 Alejandro Vilches, que hasta ahora se desempe\u00f1a como secretario de Gesti\u00f3n Sanitaria.<\/p>\n\n\n\n<p><a href=\"https:\/\/tn.com.ar\/autor\/Isalerno\/\"><\/a><\/p>\n\n\n\n<p><strong>El\u00a0Gobierno\u00a0defini\u00f3 al nuevo titular de la Agencia Nacional de Discapacidad (ANDIS) tras la salida de Diego Spagnuolo<\/strong>\u00a0por la difusi\u00f3n de una serie de audios donde denunciaba corrupci\u00f3n.\u00a0<strong>El reemplazo de Spagnuolo ser\u00e1 Alejandro Vilches<\/strong>, que hasta ahora se desempe\u00f1a como secretario de Gesti\u00f3n Sanitaria.<\/p>\n\n\n\n<p>Se trata de un cercano al ministro de Salud, Mario Lugones, que estuvo reunido hoy desde temprano con el asesor presidencial Santiago Caputo y luego circul\u00f3 por las oficinas del jefe de gabinete, Guillermo Francos.&nbsp;<strong>Javier Milei firmar\u00e1 hoy el decreto de la designaci\u00f3n, que saldr\u00e1 publicado en el bolet\u00edn oficial de este viernes<\/strong>.<\/p>\n\n\n\n<p>\u201c<strong>Se acaba de intervenir la Agencia Nacional de Discapacidad.El interventor ser\u00e1 el Dr. Alejandro Alberto Vilches<\/strong>, m\u00e9dico especializado en gesti\u00f3n de sistemas de salud p\u00fablica y privada, y actual Secretario de Gesti\u00f3n Sanitaria\u201d, comunic\u00f3 a trav\u00e9s de sus redes sociales el vocero, Manuel Adorni.<\/p>\n\n\n\n<p>El Ejecutivo mantiene la postura de que&nbsp;<strong>no tiene informaci\u00f3n para corroborar si las grabaciones que le atribuyen a Spagnuolo son ciertas<\/strong>&nbsp;y asegura que colaborar\u00e1 con la investigaci\u00f3n y con el proceso judicial. \u201cNo pod\u00eda seguir m\u00e1s tiempo en el cargo. Aparte, reconoce ser c\u00f3mplice de lo que denuncia en caso de que se comprueben los hechos\u201d, agregan en Naci\u00f3n.<\/p>\n\n\n\n<figure class=\"wp-block-image\"><img decoding=\"async\" src=\"https:\/\/tn.com.ar\/resizer\/v2\/vilches-es-cercano-al-ministro-de-salud-mario-lugones-foto-na-PMNC45YQMBHYHDYNI2D6GVT3K4.jpg?auth=7462bc470f033200bad9d949bc335da8c15ec639dc449db80868ae4a0fe58890&amp;width=767\" alt=\"Vilches es cercano al ministro de Salud, Mario Lugones (Foto: NA).\"\/><\/figure>\n\n\n\n<p><strong>Vilches es m\u00e9dico egresado de la Universidad del Salvador y ya cuenta con un paso por la gesti\u00f3n p\u00fablica<\/strong>&nbsp;y por el sistema solidario de salud. Se desempe\u00f1\u00f3 como asesor en la Jefatura de Gabinete de Ministros de la Naci\u00f3n y en el Congreso, adem\u00e1s de ocupar distintos cargos en el Instituto de Obra Social de las Fuerzas Armadas (IOSFA) y en la Armada Argentina. Tambi\u00e9n fue director general de Evaluaci\u00f3n de Calidad de los Servicios de Salud de la Ciudad de Buenos Aires.<\/p>\n\n\n\n<p>En el \u00e1mbito sindical y de la seguridad social,&nbsp;<strong>tuvo responsabilidades en varias obras sociales: la de ceramistas, la de qu\u00edmicos y petroqu\u00edmicos de Z\u00e1rate-Campana<\/strong>, la del gremio de la carne y la de trabajadores del cuero, entre otras. En todos los casos, ejerci\u00f3 como director m\u00e9dico o gerente de prestaciones.<\/p>\n\n\n\n<p><\/p>\n","protected":false},"excerpt":{"rendered":"<p>El reemplazo ser\u00e1 Alejandro Vilches, que hasta ahora se desempe\u00f1a como secretario de Gesti\u00f3n Sanitaria. El\u00a0Gobierno\u00a0defini\u00f3 al nuevo titular de la Agencia Nacional de Discapacidad (ANDIS) tras la salida de&hellip; <\/p>\n","protected":false},"author":8,"featured_media":223528,"comment_status":"closed","ping_status":"open","sticky":false,"template":"","format":"standard","meta":{"footnotes":""},"categories":[3],"tags":[],"class_list":["post-223527","post","type-post","status-publish","format-standard","has-post-thumbnail","hentry","category-politica"],"_links":{"self":[{"href":"https:\/\/corrientesdetarde.com\/index.php\/wp-json\/wp\/v2\/posts\/223527","targetHints":{"allow":["GET"]}}],"collection":[{"href":"https:\/\/corrientesdetarde.com\/index.php\/wp-json\/wp\/v2\/posts"}],"about":[{"href":"https:\/\/corrientesdetarde.com\/index.php\/wp-json\/wp\/v2\/types\/post"}],"author":[{"embeddable":true,"href":"https:\/\/corrientesdetarde.com\/index.php\/wp-json\/wp\/v2\/users\/8"}],"replies":[{"embeddable":true,"href":"https:\/\/corrientesdetarde.com\/index.php\/wp-json\/wp\/v2\/comments?post=223527"}],"version-history":[{"count":1,"href":"https:\/\/corrientesdetarde.com\/index.php\/wp-json\/wp\/v2\/posts\/223527\/revisions"}],"predecessor-version":[{"id":223529,"href":"https:\/\/corrientesdetarde.com\/index.php\/wp-json\/wp\/v2\/posts\/223527\/revisions\/223529"}],"wp:featuredmedia":[{"embeddable":true,"href":"https:\/\/corrientesdetarde.com\/index.php\/wp-json\/wp\/v2\/media\/223528"}],"wp:attachment":[{"href":"https:\/\/corrientesdetarde.com\/index.php\/wp-json\/wp\/v2\/media?parent=223527"}],"wp:term":[{"taxonomy":"category","embeddable":true,"href":"https:\/\/corrientesdetarde.com\/index.php\/wp-json\/wp\/v2\/categories?post=223527"},{"taxonomy":"post_tag","embeddable":true,"href":"https:\/\/corrientesdetarde.com\/index.php\/wp-json\/wp\/v2\/tags?post=223527"}],"curies":[{"name":"wp","href":"https:\/\/api.w.org\/{rel}","templated":true}]}}