{"id":223530,"date":"2025-08-21T15:25:11","date_gmt":"2025-08-21T18:25:11","guid":{"rendered":"https:\/\/corrientesdetarde.com\/?p=223530"},"modified":"2025-08-21T15:25:16","modified_gmt":"2025-08-21T18:25:16","slug":"independiente-repudio-los-incidentes-en-avellaneda-y-pidio-sanciones-para-los-responsables-individuales","status":"publish","type":"post","link":"https:\/\/corrientesdetarde.com\/index.php\/deportes\/independiente-repudio-los-incidentes-en-avellaneda-y-pidio-sanciones-para-los-responsables-individuales\/","title":{"rendered":"Independiente repudi\u00f3 los incidentes en Avellaneda y pidi\u00f3 sanciones para los \u201cresponsables individuales\u201d"},"content":{"rendered":"\n<p>El club emiti\u00f3 un comunicado tras los graves hechos ocurridos durante el partido de la Copa Sudamericana.<\/p>\n\n\n\n<p><strong>Independiente<\/strong>\u00a0emiti\u00f3 este jueves un comunicado para fijar posici\u00f3n institucional ante los graves incidentes en el estadio Libertadores de Am\u00e9rica, que motivaron la cancelaci\u00f3n del partido con\u00a0<strong>Universidad de Chile<\/strong>\u00a0por los octavos de final de la Copa Sudamericana.<\/p>\n\n\n\n<p>La violencia registrada dentro y fuera del estadio oblig\u00f3 a la&nbsp;<strong>Conmebol a suspender el encuentro<\/strong>, lo que gener\u00f3 un fuerte repudio por parte de la instituci\u00f3n de Avellaneda.<\/p>\n\n\n\n<p>Seg\u00fan el club argentino, los hechos comenzaron en el&nbsp;<strong>sector visitante<\/strong>, donde se&nbsp;<strong>inactivaron las c\u00e1maras de seguridad<\/strong>&nbsp;y&nbsp;<strong>se destruyeron instalaciones sanitarias<\/strong>.<\/p>\n\n\n\n<p>Luego, esos escombros fueron utilizados como proyectiles para agredir a hinchas de Independiente que se situaban en otro lugar de la cancha.<\/p>\n\n\n\n<p>El club acept\u00f3 luego que, dentro de un contexto de caos, se produjeron \u201c<strong>agresiones inaceptables por parte de grupos locales<\/strong>\u201d.<\/p>\n\n\n\n<figure class=\"wp-block-image\"><img decoding=\"async\" src=\"https:\/\/tn.com.ar\/resizer\/v2\/hinchas-de-independiente-golpean-las-rejas-foto-ap-YTTQEJKRVVGSRP7DUY7RKMGDYA.jpg?auth=61f7c626a1699fdc478a40da032a5a746b0845fccba150601659aea5f3aaa2ee&amp;width=767\" alt=\"Hinchas de Independiente golpean las rejas (Foto: AP)\"\/><\/figure>\n\n\n\n<h2 class=\"wp-block-heading\"><strong>Independiente pedir\u00e1 sanciones y aplicar\u00e1 el derecho de admisi\u00f3n<\/strong><\/h2>\n\n\n\n<p>Desde el inicio de los incidentes, Independiente asegur\u00f3 haber&nbsp;<strong>activado los protocolos de seguridad<\/strong>&nbsp;y dispuesto asistencia m\u00e9dica para los heridos.<\/p>\n\n\n\n<p>Adem\u00e1s, la instituci\u00f3n se comprometi\u00f3 a colaborar con la investigaci\u00f3n y aportar todas las pruebas disponibles. En ese sentido, el comunicado remarca:&nbsp;<em>\u201c<\/em><strong>Rechazamos toda forma de violencia, provenga de quien provenga<\/strong><em>\u201d<\/em>.<\/p>\n\n\n\n<p>El club anunci\u00f3 que pedir\u00e1&nbsp;<strong>sanciones contra los responsables individuales<\/strong>&nbsp;de los incidentes e impulsar\u00e1 el derecho de admisi\u00f3n a quienes considera \u201cdelincuentes disfrazados de hinchas\u201d.<\/p>\n\n\n\n<p>Tambi\u00e9n adelant\u00f3 que reclamar\u00e1 por los da\u00f1os materiales ocasionados en el estadio. Mientras tanto, el presidente y el secretario general de la instituci\u00f3n viajaron a Paraguay, sede de la Conmebol.<\/p>\n\n\n\n<figure class=\"wp-block-image\"><img decoding=\"async\" src=\"https:\/\/tn.com.ar\/resizer\/v2\/el-comunicado-del-rojo-tras-los-incidentes-en-el-libertadores-de-america-foto-independientetwitter-MY3EKUXYEJGXJOFZAV54D7F7MY.jfif?auth=c007228e62c373c5aebb84de4a5dd5866d93cbe1ed80775f7adbf62d1c974a53&amp;width=767\" alt=\"El comunicado del Rojo tras los incidentes en el Libertadores de Am\u00e9rica. (Foto: @Independiente\/Twitter)\"\/><\/figure>\n\n\n\n<h2 class=\"wp-block-heading\"><strong>El comunicado completo de Independiente<\/strong><\/h2>\n\n\n\n<p><em>El Club Atl\u00e9tico Independiente condena en\u00e9rgicamente los grav\u00edsimos hechos de violencia ocurridos anoche en el Estadio Libertadores de Am\u00e9rica \u2013 Ricardo E. Bochini, que obligaron a la cancelaci\u00f3n del encuentro entre nuestra Instituci\u00f3n y la Universidad de Chile, por parte de CONMEBOL.<\/em><\/p>\n\n\n\n<p><em>De acuerdo con las im\u00e1genes difundidas, reportes oficiales y partes policiales,&nbsp;<\/em><em><strong>los incidentes se iniciaron en el sector visitante<\/strong><\/em><em>&nbsp;desde la previa del partido. En primera instancia, atacaron e inactivaron el sistema cerrado de c\u00e1maras de seguridad, y luego, procedieron a destruir las instalaciones sanitarias del sector. Seguidamente, la parcialidad visitante utiliz\u00f3 los escombros como proyectiles y lanz\u00f3 pirotecnia hacia los socios locales que se encontraban en la tribuna baja y en una de las gargantas adyacentes a la tribuna sur. Posteriormente, se produjeron&nbsp;<\/em><em><strong>agresiones inaceptables por parte de grupos locales.<\/strong><\/em><\/p>\n\n\n\n<p><em><strong>Desde el primer momento, el Club activ\u00f3 los protocolos de seguridad<\/strong><\/em><em>, coordin\u00f3 con las autoridades presentes y con la organizaci\u00f3n del torneo, y&nbsp;<\/em><em><strong>dispuso asistencia m\u00e9dica a las personas lesionadas<\/strong><\/em><em>&nbsp;en total cumplimiento del Manual CONMEBOL. Por otro lado, y tal como lo hemos hecho hasta ahora, continuaremos colaborando plenamente con la investigaci\u00f3n en curso, aportando toda la evidencia disponible y nos ponemos a disposici\u00f3n de los heridos y damnificados.<\/em><\/p>\n\n\n\n<p><em>Reiteramos con total claridad:&nbsp;<\/em><em><strong>rechazamos toda forma de violencia, provenga de quien provenga.<\/strong><\/em><\/p>\n\n\n\n<p><em><strong>El Club trabajar\u00e1 incansablemente para que cada responsable individual sea identificado y sancionado<\/strong><\/em><em>, solicitando la aplicaci\u00f3n del derecho de admisi\u00f3n a los delincuentes disfrazados de hinchas que respondieron con violencia las agresiones de la parcialidad visitante. Reclamaremos a los responsables y terceros los da\u00f1os materiales ocasionados en nuestras instalaciones. Al mismo tiempo, el Presidente y el Secretario General del Club se encuentran camino a Paraguay para trabajar en representaci\u00f3n del Club Atl\u00e9tico Independiente ante CONMEBOL y terminar de resolver las implicancias a nivel deportivo.<\/em><\/p>\n\n\n\n<p><em><strong>A nuestras socias y socios: entendemos la preocupaci\u00f3n y el dolor por lo sucedido. Nuestro compromiso es cuidar a nuestra gente.<\/strong><\/em><\/p>\n\n\n\n<p><em>Por ello, para este partido trabajamos en conjunto con CONMEBOL, A.Pre.Vi.De, Polic\u00eda Bonaerense y Carabineros de Chile&nbsp;<\/em><em><strong>poniendo a disposici\u00f3n de la organizaci\u00f3n un operativo que cumpl\u00eda en todo con la normativa vigente y con las exigencias estipuladas para este tipo de competiciones.<\/strong><\/em><em>&nbsp;Sin embargo, no se alcanz\u00f3 para contener la&nbsp;<\/em><em><strong>desmedida violencia<\/strong><\/em><em>&nbsp;desplegada anoche por quienes, lejos de los valores que deben primar en el deporte, eligieron la agresi\u00f3n y pusieron en riesgo la integridad de miles de personas que fueron al estadio a alentar y disfrutar de un espect\u00e1culo deportivo.<\/em><\/p>\n","protected":false},"excerpt":{"rendered":"<p>El club emiti\u00f3 un comunicado tras los graves hechos ocurridos durante el partido de la Copa Sudamericana. Independiente\u00a0emiti\u00f3 este jueves un comunicado para fijar posici\u00f3n institucional ante los graves incidentes&hellip; <\/p>\n","protected":false},"author":8,"featured_media":223531,"comment_status":"closed","ping_status":"open","sticky":false,"template":"","format":"standard","meta":{"footnotes":""},"categories":[4],"tags":[],"class_list":["post-223530","post","type-post","status-publish","format-standard","has-post-thumbnail","hentry","category-deportes"],"_links":{"self":[{"href":"https:\/\/corrientesdetarde.com\/index.php\/wp-json\/wp\/v2\/posts\/223530","targetHints":{"allow":["GET"]}}],"collection":[{"href":"https:\/\/corrientesdetarde.com\/index.php\/wp-json\/wp\/v2\/posts"}],"about":[{"href":"https:\/\/corrientesdetarde.com\/index.php\/wp-json\/wp\/v2\/types\/post"}],"author":[{"embeddable":true,"href":"https:\/\/corrientesdetarde.com\/index.php\/wp-json\/wp\/v2\/users\/8"}],"replies":[{"embeddable":true,"href":"https:\/\/corrientesdetarde.com\/index.php\/wp-json\/wp\/v2\/comments?post=223530"}],"version-history":[{"count":1,"href":"https:\/\/corrientesdetarde.com\/index.php\/wp-json\/wp\/v2\/posts\/223530\/revisions"}],"predecessor-version":[{"id":223532,"href":"https:\/\/corrientesdetarde.com\/index.php\/wp-json\/wp\/v2\/posts\/223530\/revisions\/223532"}],"wp:featuredmedia":[{"embeddable":true,"href":"https:\/\/corrientesdetarde.com\/index.php\/wp-json\/wp\/v2\/media\/223531"}],"wp:attachment":[{"href":"https:\/\/corrientesdetarde.com\/index.php\/wp-json\/wp\/v2\/media?parent=223530"}],"wp:term":[{"taxonomy":"category","embeddable":true,"href":"https:\/\/corrientesdetarde.com\/index.php\/wp-json\/wp\/v2\/categories?post=223530"},{"taxonomy":"post_tag","embeddable":true,"href":"https:\/\/corrientesdetarde.com\/index.php\/wp-json\/wp\/v2\/tags?post=223530"}],"curies":[{"name":"wp","href":"https:\/\/api.w.org\/{rel}","templated":true}]}}