{"id":223548,"date":"2025-08-21T15:58:07","date_gmt":"2025-08-21T18:58:07","guid":{"rendered":"https:\/\/corrientesdetarde.com\/?p=223548"},"modified":"2025-08-21T15:58:11","modified_gmt":"2025-08-21T18:58:11","slug":"bolsonaro-planeaba-pedir-asilo-en-la-argentina-el-documento-que-habia-preparado-para-milei","status":"publish","type":"post","link":"https:\/\/corrientesdetarde.com\/index.php\/internacionales\/bolsonaro-planeaba-pedir-asilo-en-la-argentina-el-documento-que-habia-preparado-para-milei\/","title":{"rendered":"Bolsonaro planeaba pedir asilo en la Argentina: el documento que hab\u00eda preparado para Milei"},"content":{"rendered":"\n<p>La polic\u00eda de Brasil encontr\u00f3 el borrador de una solicitud de asilo dirigida al presidente de la Argentina donde el exmandatario brasile\u00f1o dec\u00eda que sufr\u00eda persecuci\u00f3n pol\u00edtica.<\/p>\n\n\n\n<p><strong>Jair Bolsonaro<\/strong>, expresidente brasile\u00f1o acusado de planear un golpe de Estado, hizo planes para solicitar\u00a0<strong>asilo pol\u00edtico en Argentina\u00a0<\/strong>el a\u00f1o pasado, dijo este mi\u00e9rcoles la polic\u00eda federal de Brasil, al citar un documento incautado en su celular.<\/p>\n\n\n\n<p>La polic\u00eda se\u00f1al\u00f3 que hab\u00eda recuperado del tel\u00e9fono el borrador de una solicitud de asilo de 33 p\u00e1ginas dirigida al presidente de Argentina\u00a0<strong>Javier Milei<\/strong> tambi\u00e9n mandatario de derecha. El documento dec\u00eda que Bolsonaro sufr\u00eda persecuci\u00f3n pol\u00edtica en Brasil, que esperaba ser encarcelado ilegalmente y que tem\u00eda por su vida.<\/p>\n\n\n\n<p>El documento no est\u00e1 fechado, pero la polic\u00eda dijo que se guard\u00f3 en el tel\u00e9fono de Bolsonaro en<strong>&nbsp;febrero de 2024<\/strong>, dos d\u00edas despu\u00e9s de que llevara a cabo una operaci\u00f3n contra el expresidente y unas dos decenas de sus aliados pol\u00edticos. La polic\u00eda detuvo a algunos de los principales colaboradores de Bolsonaro y registr\u00f3 sus casas y oficinas durante esa operaci\u00f3n.<\/p>\n\n\n\n<p>La polic\u00eda dijo que no estaba claro si la solicitud de asilo se hab\u00eda enviado alguna vez a las autoridades argentinas. Pero argumentaron que demostraba que&nbsp;<strong>Bolsonaro hab\u00eda ideado planes<\/strong>&nbsp;para eludir una investigaci\u00f3n sobre su papel en un intento de mantenerlo en el cargo tras perder las elecciones presidenciales de Brasil de 2022.<\/p>\n\n\n\n<figure class=\"wp-block-image\"><img decoding=\"async\" src=\"https:\/\/tn.com.ar\/resizer\/v2\/jair-bolsonaro-planeaba-pedir-asilo-politico-a-la-argentina-foto-aperaldo-peres-35Z5LJB5UZYY5E5HYCOG7GKGDI.jpg?auth=273e07c9c17ff40d70b85ff93f50bd33889d906daeec79963a4e58ed31ef9d35&amp;width=767\" alt=\"Jair Bolsonaro planeaba pedir asilo pol\u00edtico a la Argentina (Foto: AP\/Eraldo Peres)\"\/><\/figure>\n\n\n\n<p>La embajada de&nbsp;<strong>Argentina en Brasil no respondi\u00f3 inmediatamente a una solicitud<\/strong>&nbsp;de comentarios.<\/p>\n\n\n\n<p>Extractos del<strong>&nbsp;borrador<\/strong>&nbsp;de la solicitud de asilo se incluyeron en un informe de&nbsp;<strong>170 p\u00e1ginas&nbsp;<\/strong>de una investigaci\u00f3n de la polic\u00eda federal sobre las acusaciones de que Bolsonaro y su hijo, diputado en ejercicio en Brasil que actualmente se encuentra en&nbsp;<strong>Estados Unidos<\/strong>, hab\u00edan presionado a autoridades extranjeras con el objetivo de socavar el poder judicial de Brasil y frustrar la causa contra \u00e9l.<\/p>\n\n\n\n<p>El hijo de Jair Bolsonaro,<strong>&nbsp;Eduardo Bolsonaro<\/strong>,&nbsp;<strong>visit\u00f3 la Casa Blanca&nbsp;<\/strong>varias veces en los \u00faltimos meses para solicitar la intervenci\u00f3n de Estados Unidos en el caso de su padre. El mes pasado, el presidente Trump cit\u00f3 el asunto cuando dijo que impondr\u00eda aranceles del 50 por ciento a los productos procedentes de Brasil, y exigi\u00f3 que el pa\u00eds abandonara el caso contra el expresidente, quien es aliado de Trump.<\/p>\n\n\n\n<p><strong>Bolsonaro se encuentra bajo arresto domiciliario a la espera de su juicio<\/strong>, cuyo inicio est\u00e1 previsto para el 2 de septiembre. El juez Alexandre de Moraes, del Supremo Tribunal Federal, quien supervisa el caso, le orden\u00f3 llevar un monitor en el tobillo y mantenerse alejado de embajadas, al alegar que Bolsonaro presenta riesgo de fuga.<\/p>\n\n\n\n<p>En una nueva sentencia dictada el mi\u00e9rcoles, el juez De Moraes dijo que Bolsonaro hab\u00eda incumplido repetidamente las \u00f3rdenes judiciales, y le dio 48 horas para aclarar por qu\u00e9 lo hab\u00eda hecho y explicar las pruebas que insinuaban que hab\u00eda planeado huir de Brasil.<\/p>\n","protected":false},"excerpt":{"rendered":"<p>La polic\u00eda de Brasil encontr\u00f3 el borrador de una solicitud de asilo dirigida al presidente de la Argentina donde el exmandatario brasile\u00f1o dec\u00eda que sufr\u00eda persecuci\u00f3n pol\u00edtica. Jair Bolsonaro, expresidente&hellip; <\/p>\n","protected":false},"author":8,"featured_media":223549,"comment_status":"closed","ping_status":"open","sticky":false,"template":"","format":"standard","meta":{"footnotes":""},"categories":[11],"tags":[],"class_list":["post-223548","post","type-post","status-publish","format-standard","has-post-thumbnail","hentry","category-internacionales"],"_links":{"self":[{"href":"https:\/\/corrientesdetarde.com\/index.php\/wp-json\/wp\/v2\/posts\/223548","targetHints":{"allow":["GET"]}}],"collection":[{"href":"https:\/\/corrientesdetarde.com\/index.php\/wp-json\/wp\/v2\/posts"}],"about":[{"href":"https:\/\/corrientesdetarde.com\/index.php\/wp-json\/wp\/v2\/types\/post"}],"author":[{"embeddable":true,"href":"https:\/\/corrientesdetarde.com\/index.php\/wp-json\/wp\/v2\/users\/8"}],"replies":[{"embeddable":true,"href":"https:\/\/corrientesdetarde.com\/index.php\/wp-json\/wp\/v2\/comments?post=223548"}],"version-history":[{"count":1,"href":"https:\/\/corrientesdetarde.com\/index.php\/wp-json\/wp\/v2\/posts\/223548\/revisions"}],"predecessor-version":[{"id":223550,"href":"https:\/\/corrientesdetarde.com\/index.php\/wp-json\/wp\/v2\/posts\/223548\/revisions\/223550"}],"wp:featuredmedia":[{"embeddable":true,"href":"https:\/\/corrientesdetarde.com\/index.php\/wp-json\/wp\/v2\/media\/223549"}],"wp:attachment":[{"href":"https:\/\/corrientesdetarde.com\/index.php\/wp-json\/wp\/v2\/media?parent=223548"}],"wp:term":[{"taxonomy":"category","embeddable":true,"href":"https:\/\/corrientesdetarde.com\/index.php\/wp-json\/wp\/v2\/categories?post=223548"},{"taxonomy":"post_tag","embeddable":true,"href":"https:\/\/corrientesdetarde.com\/index.php\/wp-json\/wp\/v2\/tags?post=223548"}],"curies":[{"name":"wp","href":"https:\/\/api.w.org\/{rel}","templated":true}]}}