{"id":223551,"date":"2025-08-21T16:01:23","date_gmt":"2025-08-21T19:01:23","guid":{"rendered":"https:\/\/corrientesdetarde.com\/?p=223551"},"modified":"2025-08-21T16:01:34","modified_gmt":"2025-08-21T19:01:34","slug":"el-firme-mensaje-de-infantino-tras-los-incidentes-entre-hinchas-de-independiente-y-universidad-de-chile","status":"publish","type":"post","link":"https:\/\/corrientesdetarde.com\/index.php\/deportes\/el-firme-mensaje-de-infantino-tras-los-incidentes-entre-hinchas-de-independiente-y-universidad-de-chile\/","title":{"rendered":"El firme mensaje de Infantino tras los incidentes entre hinchas de Independiente y Universidad de Chile"},"content":{"rendered":"\n<p>El presidente de FIFA comparti\u00f3 un mensaje a trav\u00e9s de sus redes sociales donde rechaz\u00f3 la violencia que deriv\u00f3 en la suspensi\u00f3n del partido entre Independiente y la Universidad de Chile.<\/p>\n\n\n\n<p><strong>Gianni Infantino<\/strong>, presidente de la FIFA, comparti\u00f3 un mensaje mediante sus redes sociales, con el que rechaz\u00f3 la violencia que deriv\u00f3 en la suspensi\u00f3n del partido de vuelta de los octavos de final de la\u00a0<strong>Copa Sudamericana<\/strong>\u00a0entre\u00a0<strong>Independiente\u00a0y\u00a0Universidad de Chile<\/strong>.<\/p>\n\n\n\n<p>\u201c<strong>La violencia no tiene cabida en el f\u00fatbol. Jugadores, hinchas, personal y \u00e1rbitros deben disfrutar de nuestro deporte sin miedo<\/strong>\u201d, afirm\u00f3 Infantino a trav\u00e9s de su cuenta de Instagram.<\/p>\n\n\n\n<p>El m\u00e1ximo dirigente del f\u00fatbol mundial tambi\u00e9n envi\u00f3 sus pensamientos a las v\u00edctimas inocentes y destac\u00f3 la importancia de que las autoridades correspondientes impongan sanciones ejemplares contra quienes provocaron estos graves incidentes.<\/p>\n\n\n\n<figure class=\"wp-block-image\"><img decoding=\"async\" src=\"https:\/\/tn.com.ar\/resizer\/v2\/el-mensaje-del-presidente-de-fifa-en-sus-redes-sociales-foto-gianniinfantinoinstagram-MSFFNUS4JZA33CKOVPJDTIMHYQ.jpg?auth=c1fafd530c28a68310519d9fceed1fcd3e224dd59480e1455d7a445455c7b864&amp;width=767\" alt=\"El mensaje del presidente de FIFA en sus redes sociales. (Foto: gianni_infantino\/Instagram)\"\/><\/figure>\n\n\n\n<h2 class=\"wp-block-heading\"><strong>El mensaje de Gianni Infantino tras los incidentes entre hinchas de Universidad de Chile e Independiente<\/strong><\/h2>\n\n\n\n<p><em>Condeno en\u00e9rgicamente la impactante violencia que llev\u00f3 a la cancelaci\u00f3n del partido de vuelta de los octavos de final de la Copa Sudamericana entre Independiente y Universidad de Chile en Buenos Aires.<\/em><\/p>\n\n\n\n<p><em>La violencia no tiene cabida en el f\u00fatbol: los jugadores, los hinchas, el personal, los \u00e1rbitros y todos los que disfrutan de nuestro hermoso deporte deben poder hacerlo sin miedo.<\/em><\/p>\n\n\n\n<p><em>Desde la FIFA, nuestros pensamientos est\u00e1n con todas las v\u00edctimas inocentes, a la vez que esperamos que las autoridades competentes impongan sanciones ejemplificadoras contra los autores de estos terribles actos.<\/em><\/p>\n","protected":false},"excerpt":{"rendered":"<p>El presidente de FIFA comparti\u00f3 un mensaje a trav\u00e9s de sus redes sociales donde rechaz\u00f3 la violencia que deriv\u00f3 en la suspensi\u00f3n del partido entre Independiente y la Universidad de&hellip; <\/p>\n","protected":false},"author":8,"featured_media":223552,"comment_status":"closed","ping_status":"open","sticky":false,"template":"","format":"standard","meta":{"footnotes":""},"categories":[4],"tags":[],"class_list":["post-223551","post","type-post","status-publish","format-standard","has-post-thumbnail","hentry","category-deportes"],"_links":{"self":[{"href":"https:\/\/corrientesdetarde.com\/index.php\/wp-json\/wp\/v2\/posts\/223551","targetHints":{"allow":["GET"]}}],"collection":[{"href":"https:\/\/corrientesdetarde.com\/index.php\/wp-json\/wp\/v2\/posts"}],"about":[{"href":"https:\/\/corrientesdetarde.com\/index.php\/wp-json\/wp\/v2\/types\/post"}],"author":[{"embeddable":true,"href":"https:\/\/corrientesdetarde.com\/index.php\/wp-json\/wp\/v2\/users\/8"}],"replies":[{"embeddable":true,"href":"https:\/\/corrientesdetarde.com\/index.php\/wp-json\/wp\/v2\/comments?post=223551"}],"version-history":[{"count":1,"href":"https:\/\/corrientesdetarde.com\/index.php\/wp-json\/wp\/v2\/posts\/223551\/revisions"}],"predecessor-version":[{"id":223553,"href":"https:\/\/corrientesdetarde.com\/index.php\/wp-json\/wp\/v2\/posts\/223551\/revisions\/223553"}],"wp:featuredmedia":[{"embeddable":true,"href":"https:\/\/corrientesdetarde.com\/index.php\/wp-json\/wp\/v2\/media\/223552"}],"wp:attachment":[{"href":"https:\/\/corrientesdetarde.com\/index.php\/wp-json\/wp\/v2\/media?parent=223551"}],"wp:term":[{"taxonomy":"category","embeddable":true,"href":"https:\/\/corrientesdetarde.com\/index.php\/wp-json\/wp\/v2\/categories?post=223551"},{"taxonomy":"post_tag","embeddable":true,"href":"https:\/\/corrientesdetarde.com\/index.php\/wp-json\/wp\/v2\/tags?post=223551"}],"curies":[{"name":"wp","href":"https:\/\/api.w.org\/{rel}","templated":true}]}}