{"id":223554,"date":"2025-08-21T19:56:59","date_gmt":"2025-08-21T22:56:59","guid":{"rendered":"https:\/\/corrientesdetarde.com\/?p=223554"},"modified":"2025-08-21T19:57:11","modified_gmt":"2025-08-21T22:57:11","slug":"este-lunes-25-comienza-el-pago-del-plus-especial-para-municipales","status":"publish","type":"post","link":"https:\/\/corrientesdetarde.com\/index.php\/actualidad\/este-lunes-25-comienza-el-pago-del-plus-especial-para-municipales\/","title":{"rendered":"Este lunes 25 comienza el pago del plus especial para municipales"},"content":{"rendered":"\n<p>El cronograma se extender\u00e1 hasta el mi\u00e9rcoles 27, seg\u00fan anunci\u00f3 el intendente Eduardo Tassano a trav\u00e9s de sus redes.<\/p>\n\n\n\n<p>Los trabajadores de planta, contrato y los agentes Neike bancarizados tendr\u00e1n depositado el pago del plus en sus respectivas cuentas bancarias este mismo lunes 25 de agosto, dinero al que podr\u00e1n acceder a trav\u00e9s de los cajeros autom\u00e1ticos habilitados.<br>Por su parte, aquellos trabajadores Neike que no est\u00e1n bancarizados deber\u00e1n dirigirse a la Caja Municipal de Pr\u00e9stamos (CMP), en su sede central, ubicada en Brasil 1269. Los pagos se realizan de lunes a viernes, de 7:30 a 12:30 y de 16 a 20.<br>En este caso, el lunes 25 de agosto les corresponder\u00e1 cobrar a los trabajadores cuyos DNI terminen en 0, 1 y 2. En tanto que el martes 26, ser\u00e1 el turno de los agentes con DNI finalizados en 3, 4, 5 y 6.<br>El cronograma finalizar\u00e1 el mi\u00e9rcoles 27 con documentos que finalicen en 7, 8 y 9.<br>En tanto, los Neike bancarizados pero que no poseen tarjeta de d\u00e9bito, deber\u00e1n cobrar por ventanilla del Banco de Corrientes (sucursal av. Teniente Ib\u00e1\u00f1ez 1826) de acuerdo al cronograma detallado anteriormente, que va del lunes 25 al mi\u00e9rcoles 27 de agosto.<\/p>\n\n\n\n<figure class=\"wp-block-image size-full\"><img loading=\"lazy\" decoding=\"async\" width=\"510\" height=\"776\" src=\"https:\/\/corrientesdetarde.com\/wp-content\/uploads\/2025\/08\/image-905.png\" alt=\"\" class=\"wp-image-223563\" srcset=\"https:\/\/corrientesdetarde.com\/wp-content\/uploads\/2025\/08\/image-905.png 510w, https:\/\/corrientesdetarde.com\/wp-content\/uploads\/2025\/08\/image-905-197x300.png 197w\" sizes=\"auto, (max-width: 510px) 100vw, 510px\" \/><\/figure>\n\n\n\n<p><\/p>\n","protected":false},"excerpt":{"rendered":"<p>El cronograma se extender\u00e1 hasta el mi\u00e9rcoles 27, seg\u00fan anunci\u00f3 el intendente Eduardo Tassano a trav\u00e9s de sus redes. Los trabajadores de planta, contrato y los agentes Neike bancarizados tendr\u00e1n&hellip; <\/p>\n","protected":false},"author":4,"featured_media":223562,"comment_status":"closed","ping_status":"open","sticky":false,"template":"","format":"standard","meta":{"footnotes":""},"categories":[23],"tags":[],"class_list":["post-223554","post","type-post","status-publish","format-standard","has-post-thumbnail","hentry","category-actualidad"],"_links":{"self":[{"href":"https:\/\/corrientesdetarde.com\/index.php\/wp-json\/wp\/v2\/posts\/223554","targetHints":{"allow":["GET"]}}],"collection":[{"href":"https:\/\/corrientesdetarde.com\/index.php\/wp-json\/wp\/v2\/posts"}],"about":[{"href":"https:\/\/corrientesdetarde.com\/index.php\/wp-json\/wp\/v2\/types\/post"}],"author":[{"embeddable":true,"href":"https:\/\/corrientesdetarde.com\/index.php\/wp-json\/wp\/v2\/users\/4"}],"replies":[{"embeddable":true,"href":"https:\/\/corrientesdetarde.com\/index.php\/wp-json\/wp\/v2\/comments?post=223554"}],"version-history":[{"count":1,"href":"https:\/\/corrientesdetarde.com\/index.php\/wp-json\/wp\/v2\/posts\/223554\/revisions"}],"predecessor-version":[{"id":223564,"href":"https:\/\/corrientesdetarde.com\/index.php\/wp-json\/wp\/v2\/posts\/223554\/revisions\/223564"}],"wp:featuredmedia":[{"embeddable":true,"href":"https:\/\/corrientesdetarde.com\/index.php\/wp-json\/wp\/v2\/media\/223562"}],"wp:attachment":[{"href":"https:\/\/corrientesdetarde.com\/index.php\/wp-json\/wp\/v2\/media?parent=223554"}],"wp:term":[{"taxonomy":"category","embeddable":true,"href":"https:\/\/corrientesdetarde.com\/index.php\/wp-json\/wp\/v2\/categories?post=223554"},{"taxonomy":"post_tag","embeddable":true,"href":"https:\/\/corrientesdetarde.com\/index.php\/wp-json\/wp\/v2\/tags?post=223554"}],"curies":[{"name":"wp","href":"https:\/\/api.w.org\/{rel}","templated":true}]}}