{"id":223560,"date":"2025-08-21T21:56:15","date_gmt":"2025-08-22T00:56:15","guid":{"rendered":"https:\/\/corrientesdetarde.com\/?p=223560"},"modified":"2025-08-21T21:56:20","modified_gmt":"2025-08-22T00:56:20","slug":"en-goya-dos-obreros-resultaron-heridos-tras-caer-de-un-andamio","status":"publish","type":"post","link":"https:\/\/corrientesdetarde.com\/index.php\/actualidad\/en-goya-dos-obreros-resultaron-heridos-tras-caer-de-un-andamio\/","title":{"rendered":"En Goya dos obreros resultaron heridos tras caer de un andamio"},"content":{"rendered":"\n<p>Se precipitaron de unos diez metros de altura. El hecho se registr\u00f3 ayer, mi\u00e9rcoles en horas de la siesta. Presentaron m\u00faltiples fracturas.&nbsp;<\/p>\n\n\n\n<p>Los trabajadores cayeron de un andamio de unos diez metros de altura aproximadamente &nbsp;en una obra emplazada en la calle Pago Largo, entre avenida Madariaga y Bella Vista de la ciudad de Goya. El hecho tuvo lugar pasadas las 15,30 de ayer, miercoles cuando otro&nbsp; de los alba\u00f1iles logr\u00f3 dar aviso al Sistema policial 911, lo que permiti\u00f3 activar de inmediato un operativo de emergencia.<\/p>\n\n\n\n<p>Hasta el lugar llegaron efectivos de bomberos voluntarios, la policia de Corrientes y dos ambulancias de salud p\u00fablica.<\/p>\n\n\n\n<p>Ambos operarios fueron atendidos en el mismo lugar del accidente y trasladados posteriormente al Hospital Regional \u00b4Camilo Muniagurria\u00b4.<\/p>\n\n\n\n<p>Los alba\u00f1iles fueron identificados como Claudio F. y Rodrigo A.<\/p>\n\n\n\n<p>Las autoridades investigan ahora si se estaban cumpliendo las condiciones de seguridad exigidas por la normativa. En la misma obra hace pocos meses atras tambien se registro un accidente laboral, donde un obrero tambien cay\u00f3 desde un montacargas y resulto con varias fracturas de caracter grave.<\/p>\n\n\n\n<p>Fuentes del centro de salud indicaron&nbsp; que uno de ellos present\u00f3 fracturas vertebrales con pron\u00f3stico reservado.<\/p>\n","protected":false},"excerpt":{"rendered":"<p>Se precipitaron de unos diez metros de altura. El hecho se registr\u00f3 ayer, mi\u00e9rcoles en horas de la siesta. Presentaron m\u00faltiples fracturas.&nbsp; Los trabajadores cayeron de un andamio de unos&hellip; <\/p>\n","protected":false},"author":4,"featured_media":223591,"comment_status":"closed","ping_status":"open","sticky":false,"template":"","format":"standard","meta":{"footnotes":""},"categories":[23],"tags":[],"class_list":["post-223560","post","type-post","status-publish","format-standard","has-post-thumbnail","hentry","category-actualidad"],"_links":{"self":[{"href":"https:\/\/corrientesdetarde.com\/index.php\/wp-json\/wp\/v2\/posts\/223560","targetHints":{"allow":["GET"]}}],"collection":[{"href":"https:\/\/corrientesdetarde.com\/index.php\/wp-json\/wp\/v2\/posts"}],"about":[{"href":"https:\/\/corrientesdetarde.com\/index.php\/wp-json\/wp\/v2\/types\/post"}],"author":[{"embeddable":true,"href":"https:\/\/corrientesdetarde.com\/index.php\/wp-json\/wp\/v2\/users\/4"}],"replies":[{"embeddable":true,"href":"https:\/\/corrientesdetarde.com\/index.php\/wp-json\/wp\/v2\/comments?post=223560"}],"version-history":[{"count":1,"href":"https:\/\/corrientesdetarde.com\/index.php\/wp-json\/wp\/v2\/posts\/223560\/revisions"}],"predecessor-version":[{"id":223592,"href":"https:\/\/corrientesdetarde.com\/index.php\/wp-json\/wp\/v2\/posts\/223560\/revisions\/223592"}],"wp:featuredmedia":[{"embeddable":true,"href":"https:\/\/corrientesdetarde.com\/index.php\/wp-json\/wp\/v2\/media\/223591"}],"wp:attachment":[{"href":"https:\/\/corrientesdetarde.com\/index.php\/wp-json\/wp\/v2\/media?parent=223560"}],"wp:term":[{"taxonomy":"category","embeddable":true,"href":"https:\/\/corrientesdetarde.com\/index.php\/wp-json\/wp\/v2\/categories?post=223560"},{"taxonomy":"post_tag","embeddable":true,"href":"https:\/\/corrientesdetarde.com\/index.php\/wp-json\/wp\/v2\/tags?post=223560"}],"curies":[{"name":"wp","href":"https:\/\/api.w.org\/{rel}","templated":true}]}}