{"id":223561,"date":"2025-08-21T20:22:16","date_gmt":"2025-08-21T23:22:16","guid":{"rendered":"https:\/\/corrientesdetarde.com\/?p=223561"},"modified":"2025-08-21T20:22:27","modified_gmt":"2025-08-21T23:22:27","slug":"banco-de-corrientes-celebra-su-super-aniversario-hasta-un-40-de-descuento-y-3-cuotas-sin-interes-en-supermercados-2","status":"publish","type":"post","link":"https:\/\/corrientesdetarde.com\/index.php\/destacados\/banco-de-corrientes-celebra-su-super-aniversario-hasta-un-40-de-descuento-y-3-cuotas-sin-interes-en-supermercados-2\/","title":{"rendered":"Banco de Corrientes celebra su &#8220;S\u00faper Aniversario&#8221;: hasta un 40% de descuento y 3 cuotas sin inter\u00e9s en supermercados"},"content":{"rendered":"\n<p>En el marco de su 75\u00b0 aniversario, el Banco de Corrientes presenta una promoci\u00f3n especial para sus clientes: este viernes 22 de agosto, las compras en supermercados adheridos tendr\u00e1n 40% de descuento y hasta 3 cuotas sin inter\u00e9s, pagando con tarjetas de cr\u00e9dito Visa y Mastercard, o con tarjeta Visa D\u00e9bito. El beneficio tiene un tope de reintegro de $30.000 y tambi\u00e9n estar\u00e1 disponible abonando a trav\u00e9s de la billetera M\u00c1SBanCo MODO.<\/p>\n\n\n\n<p>Como ya es habitual, la banca correntina apuesta una vez m\u00e1s a brindar beneficios e importantes descuentos a sus clientes, esta vez celebrando su aniversario de diamante, siendo un pilar fundamental en la econom\u00eda y desarrollo productivo de la provincia y la regi\u00f3n, impulsando el consumo de las familias y dinamizando la econom\u00eda.<\/p>\n\n\n\n<p>La promoci\u00f3n incluye las tarjetas Visa emitidas por el Banco de Corrientes \u2014tanto de d\u00e9bito como las de cr\u00e9dito Joven, Bonita y Aurus en todas sus categor\u00edas (Internacional, Gold y Signature)\u2014, as\u00ed como las tarjetas Visa Corporate y Business. En el caso de Mastercard, alcanza a las tarjetas de cr\u00e9dito emitidas por la entidad en sus versiones Internacional, Gold y Black.<\/p>\n\n\n\n<p>Los comercios que comprenden est\u00e1 promoci\u00f3n est\u00e1n vinculados a rubros supermercados, almacenes, carnicer\u00edas y drugstores adheridos. Las bases, condiciones, topes de reintegro y comercios adheridos pueden conocerse en www.promosdelbanco.com<\/p>\n","protected":false},"excerpt":{"rendered":"<p>En el marco de su 75\u00b0 aniversario, el Banco de Corrientes presenta una promoci\u00f3n especial para sus clientes: este viernes 22 de agosto, las compras en supermercados adheridos tendr\u00e1n 40%&hellip; <\/p>\n","protected":false},"author":4,"featured_media":223580,"comment_status":"closed","ping_status":"open","sticky":false,"template":"","format":"standard","meta":{"footnotes":""},"categories":[26],"tags":[],"class_list":["post-223561","post","type-post","status-publish","format-standard","has-post-thumbnail","hentry","category-destacados"],"_links":{"self":[{"href":"https:\/\/corrientesdetarde.com\/index.php\/wp-json\/wp\/v2\/posts\/223561","targetHints":{"allow":["GET"]}}],"collection":[{"href":"https:\/\/corrientesdetarde.com\/index.php\/wp-json\/wp\/v2\/posts"}],"about":[{"href":"https:\/\/corrientesdetarde.com\/index.php\/wp-json\/wp\/v2\/types\/post"}],"author":[{"embeddable":true,"href":"https:\/\/corrientesdetarde.com\/index.php\/wp-json\/wp\/v2\/users\/4"}],"replies":[{"embeddable":true,"href":"https:\/\/corrientesdetarde.com\/index.php\/wp-json\/wp\/v2\/comments?post=223561"}],"version-history":[{"count":1,"href":"https:\/\/corrientesdetarde.com\/index.php\/wp-json\/wp\/v2\/posts\/223561\/revisions"}],"predecessor-version":[{"id":223581,"href":"https:\/\/corrientesdetarde.com\/index.php\/wp-json\/wp\/v2\/posts\/223561\/revisions\/223581"}],"wp:featuredmedia":[{"embeddable":true,"href":"https:\/\/corrientesdetarde.com\/index.php\/wp-json\/wp\/v2\/media\/223580"}],"wp:attachment":[{"href":"https:\/\/corrientesdetarde.com\/index.php\/wp-json\/wp\/v2\/media?parent=223561"}],"wp:term":[{"taxonomy":"category","embeddable":true,"href":"https:\/\/corrientesdetarde.com\/index.php\/wp-json\/wp\/v2\/categories?post=223561"},{"taxonomy":"post_tag","embeddable":true,"href":"https:\/\/corrientesdetarde.com\/index.php\/wp-json\/wp\/v2\/tags?post=223561"}],"curies":[{"name":"wp","href":"https:\/\/api.w.org\/{rel}","templated":true}]}}