{"id":223568,"date":"2025-08-21T20:06:29","date_gmt":"2025-08-21T23:06:29","guid":{"rendered":"https:\/\/corrientesdetarde.com\/?p=223568"},"modified":"2025-08-21T20:06:32","modified_gmt":"2025-08-21T23:06:32","slug":"fin-de-semana-con-festejo-para-los-ninos-freestyle-feria-gastronomica-y-maratones","status":"publish","type":"post","link":"https:\/\/corrientesdetarde.com\/index.php\/actualidad\/fin-de-semana-con-festejo-para-los-ninos-freestyle-feria-gastronomica-y-maratones\/","title":{"rendered":"Fin de semana con festejo para los ni\u00f1os,\u00a0freestyle, feria gastron\u00f3mica y maratones"},"content":{"rendered":"\n<p><strong>\u00a0<\/strong><\/p>\n\n\n\n<p><em>Desde el viernes y hasta el domingo, la Municipalidad de Corrientes prepar\u00f3 una atractiva agenda de actividades para grandes y chicos. Las propuestas que se desarrollar\u00e1n en distintos espacios de la ciudad incluyen ferias, visitas guiadas, espacios gastron\u00f3micos, encuentros literarios, pe\u00f1as y mucho m\u00e1s.<\/em><\/p>\n\n\n\n<p>Como cada fin de semana, desde la Municipalidad de Corrientes se propone un amplio abanico de ofertas culturales y de esparcimiento para locales y turistas. Entre las alternativas habr\u00e1 actividades por el Mes de las Infancias, ferias gastron\u00f3micas, encuentros literarios para adultos y ni\u00f1os, recorridas pedestres, entre varias otras. Todas las propuestas son totalmente gratuitas y abiertas a todo p\u00fablico.<\/p>\n\n\n\n<figure class=\"wp-block-image size-full\"><img loading=\"lazy\" decoding=\"async\" width=\"842\" height=\"554\" src=\"https:\/\/corrientesdetarde.com\/wp-content\/uploads\/2025\/08\/image-906.png\" alt=\"\" class=\"wp-image-223569\" srcset=\"https:\/\/corrientesdetarde.com\/wp-content\/uploads\/2025\/08\/image-906.png 842w, https:\/\/corrientesdetarde.com\/wp-content\/uploads\/2025\/08\/image-906-300x197.png 300w, https:\/\/corrientesdetarde.com\/wp-content\/uploads\/2025\/08\/image-906-768x505.png 768w\" sizes=\"auto, (max-width: 842px) 100vw, 842px\" \/><\/figure>\n\n\n\n<p>La tradicional Feria de Artesanos tendr\u00e1 lugar el viernes, de 9 a 22, en la plaza Cabral, como siempre con una amplia variedad de creaciones \u00fanicas y productos locales. Mientras que el s\u00e1bado y domingo, en el mismo horario, se trasladar\u00e1 a Costanera Sur y Las Heras, brindando una oportunidad para disfrutar del paseo junto al r\u00edo y descubrir piezas \u00fanicas realizadas por emprendedores locales. Se podr\u00e1n adquirir productos en cuero, madera, tejido, dulces regionales, comidas t\u00edpicas y floricultura.<\/p>\n\n\n\n<p>Desde las 19, en Casa Molinas (Pellegrini 937), en el marco del encuentro literario \u201cRelatos del Coraz\u00f3n\u201d, se leer\u00e1n historias e interactuar\u00e1 con el p\u00fablico presente, desde la mirada del lector como protagonista, con la conducci\u00f3n de Roc\u00edo Palacios.<\/p>\n\n\n\n<figure class=\"wp-block-image size-large\"><img loading=\"lazy\" decoding=\"async\" width=\"1024\" height=\"683\" src=\"https:\/\/corrientesdetarde.com\/wp-content\/uploads\/2025\/08\/image-907-1024x683.png\" alt=\"\" class=\"wp-image-223570\" srcset=\"https:\/\/corrientesdetarde.com\/wp-content\/uploads\/2025\/08\/image-907-1024x683.png 1024w, https:\/\/corrientesdetarde.com\/wp-content\/uploads\/2025\/08\/image-907-300x200.png 300w, https:\/\/corrientesdetarde.com\/wp-content\/uploads\/2025\/08\/image-907-768x512.png 768w, https:\/\/corrientesdetarde.com\/wp-content\/uploads\/2025\/08\/image-907.png 1270w\" sizes=\"auto, (max-width: 1024px) 100vw, 1024px\" \/><\/figure>\n\n\n\n<p>Del viernes al domingo, desde las 19, en La Unidad (3 de Abril 57) se realizar\u00e1 la feria gastron\u00f3mica \u201cIber\u00e1 ConVida\u201d en el marco de la \u201cUnidad Abierta\u201d. Correntinos y visitantes podr\u00e1n disfrutar del espacio emblem\u00e1tico que el Gobierno de la Provincia construye para instalarse como polo de desarrollo, valoraci\u00f3n patrimonial y de innovaci\u00f3n. Durante el fin de semana, espect\u00e1culos, artesanos, productos de nuestra tierra y, sobre todo, gastronom\u00eda con identidad, ser\u00e1n parte de la propuesta.<\/p>\n\n\n\n<p>El s\u00e1bado, en la biblioteca \u201cEl Palomar\u201d del parque Mitre, de 15 a 17, se llevar\u00e1 adelante el encuentro literario: \u201cEl Contte te cuenta cuentos\u201d.<\/p>\n\n\n\n<p>Desde las 16 y en el marco del Mes de las Infancias, en el barrio Juan de Vera (calles N\u00fa\u00f1ez Cabeza de Vaca y C. Irala) tendr\u00e1 lugar un nuevo circuito de \u201cMaratones barriales\u201d, con la modalidad de 2 kil\u00f3metros participativo y 5 kil\u00f3metros competitivo.<\/p>\n\n\n\n<figure class=\"wp-block-image size-large\"><img loading=\"lazy\" decoding=\"async\" width=\"1024\" height=\"706\" src=\"https:\/\/corrientesdetarde.com\/wp-content\/uploads\/2025\/08\/image-908-1024x706.png\" alt=\"\" class=\"wp-image-223571\" srcset=\"https:\/\/corrientesdetarde.com\/wp-content\/uploads\/2025\/08\/image-908-1024x706.png 1024w, https:\/\/corrientesdetarde.com\/wp-content\/uploads\/2025\/08\/image-908-300x207.png 300w, https:\/\/corrientesdetarde.com\/wp-content\/uploads\/2025\/08\/image-908-768x530.png 768w, https:\/\/corrientesdetarde.com\/wp-content\/uploads\/2025\/08\/image-908.png 1270w\" sizes=\"auto, (max-width: 1024px) 100vw, 1024px\" \/><\/figure>\n\n\n\n<p>De 16 a 20 en el Colegio Nacional, Quintana 699, se llevar\u00e1 adelante una nueva edici\u00f3n del juego de rol denominado \u201cDados en la Corriente\u201d.<\/p>\n\n\n\n<p>VISITAS GUIADAS<\/p>\n\n\n\n<p>El s\u00e1bado se realizar\u00e1 el habitual circuito tur\u00edstico &#8220;Descubr\u00ed Corrientes&#8221; con un recorrido guiado por los atractivos de la ciudad. En esta oportunidad ser\u00e1 en la plaza 25 de mayo y sus alrededores, con el punto de encuentro en el Monumento al General San Mart\u00edn, de 18 a 20.<\/p>\n\n\n\n<p>Asimismo, el domingo, la visita guiada ser\u00e1 al cementerio San Juan Bautista, de 18 a 20. La Municipalidad pondr\u00e1 a disposici\u00f3n un colectivo con salida desde la iglesia Catedral, a las 17.30 (puntual). Inscripci\u00f3n:&nbsp;<a href=\"https:\/\/visitcorrientes.tur.ar\/descubri\/\" target=\"_blank\" rel=\"noreferrer noopener\">https:\/\/visitcorrientes.tur.ar\/descubri\/<\/a><\/p>\n\n\n\n<p>DEPORTE, NI\u00d1EZ Y PE\u00d1A<\/p>\n\n\n\n<p>El domingo, desde las 15, en el pilet\u00f3n del parque Camba Cu\u00e1 se llevar\u00e1 adelante el Gran Festival del \u201cD\u00eda de la Ni\u00f1ez\u201d con espect\u00e1culos circenses, juegos, chocolate caliente, shows en vivo y m\u00e1s sorpresas.<\/p>\n\n\n\n<p>En tanto que el evento \u201cChoque de Pu\u00f1os\u201d desembarcar\u00e1, de 16 a 21, en la plaza Giachino del barrio Santa Teresita, con exhibici\u00f3n gratuita de boxeo.<\/p>\n\n\n\n<p>Desde las 17 en la rotonda Plaza Espa\u00f1a (Av. Pujol y Carlos Pellegrini) tendr\u00e1 lugar la Pe\u00f1a Oficial de la Ciudad. En esta oportunidad, actuar\u00e1n: el elenco municipal Ra\u00edz Chamamecera, la academia de danzas \u201cLa Remadita\u201d, Los Trovadores del Chamam\u00e9, Ezequiel Gauto y los Hermanos Gauto de Paraguay, Mar Entiveros junto a Juanita Paredez, Seba lbarra, Los Guepa Ch\u00e9 y Los Criollos de Corrientes. Habr\u00e1 adem\u00e1s feria gastron\u00f3mica y emprendedores.<\/p>\n\n\n\n<p>En el patio del Centro Cultural Adolfo Mors del parque Camba Cu\u00e1, desde las 19, se realizar\u00e1 un nuevo encuentro de rap y freestyle \u201cBuscando el Punch\u201d, con batalla de exhibici\u00f3n: Markhos y Poker VS Auge y Dyse. Host: Exe DK; Dj: Hei Zenh y los jurados: Rojas, Manaoso, Uri, Farid, SGR. Inscripciones gratuitas de 17 a 18. Llevar alimento no perecedero, que ser\u00e1 destinado al merendero Comedor \u201cPiecitos\u201d.<\/p>\n","protected":false},"excerpt":{"rendered":"<p>\u00a0 Desde el viernes y hasta el domingo, la Municipalidad de Corrientes prepar\u00f3 una atractiva agenda de actividades para grandes y chicos. Las propuestas que se desarrollar\u00e1n en distintos espacios&hellip; <\/p>\n","protected":false},"author":4,"featured_media":223572,"comment_status":"closed","ping_status":"open","sticky":false,"template":"","format":"standard","meta":{"footnotes":""},"categories":[23],"tags":[],"class_list":["post-223568","post","type-post","status-publish","format-standard","has-post-thumbnail","hentry","category-actualidad"],"_links":{"self":[{"href":"https:\/\/corrientesdetarde.com\/index.php\/wp-json\/wp\/v2\/posts\/223568","targetHints":{"allow":["GET"]}}],"collection":[{"href":"https:\/\/corrientesdetarde.com\/index.php\/wp-json\/wp\/v2\/posts"}],"about":[{"href":"https:\/\/corrientesdetarde.com\/index.php\/wp-json\/wp\/v2\/types\/post"}],"author":[{"embeddable":true,"href":"https:\/\/corrientesdetarde.com\/index.php\/wp-json\/wp\/v2\/users\/4"}],"replies":[{"embeddable":true,"href":"https:\/\/corrientesdetarde.com\/index.php\/wp-json\/wp\/v2\/comments?post=223568"}],"version-history":[{"count":1,"href":"https:\/\/corrientesdetarde.com\/index.php\/wp-json\/wp\/v2\/posts\/223568\/revisions"}],"predecessor-version":[{"id":223573,"href":"https:\/\/corrientesdetarde.com\/index.php\/wp-json\/wp\/v2\/posts\/223568\/revisions\/223573"}],"wp:featuredmedia":[{"embeddable":true,"href":"https:\/\/corrientesdetarde.com\/index.php\/wp-json\/wp\/v2\/media\/223572"}],"wp:attachment":[{"href":"https:\/\/corrientesdetarde.com\/index.php\/wp-json\/wp\/v2\/media?parent=223568"}],"wp:term":[{"taxonomy":"category","embeddable":true,"href":"https:\/\/corrientesdetarde.com\/index.php\/wp-json\/wp\/v2\/categories?post=223568"},{"taxonomy":"post_tag","embeddable":true,"href":"https:\/\/corrientesdetarde.com\/index.php\/wp-json\/wp\/v2\/tags?post=223568"}],"curies":[{"name":"wp","href":"https:\/\/api.w.org\/{rel}","templated":true}]}}