{"id":223577,"date":"2025-08-21T20:18:01","date_gmt":"2025-08-21T23:18:01","guid":{"rendered":"https:\/\/corrientesdetarde.com\/?p=223577"},"modified":"2025-08-21T20:18:13","modified_gmt":"2025-08-21T23:18:13","slug":"milei-arremetio-contra-el-congreso-y-acuso-un-intento-de-quiebra-del-pais","status":"publish","type":"post","link":"https:\/\/corrientesdetarde.com\/index.php\/politica\/milei-arremetio-contra-el-congreso-y-acuso-un-intento-de-quiebra-del-pais\/","title":{"rendered":"Milei arremeti\u00f3 contra el Congreso y acus\u00f3 un intento de &#8220;quiebra del pa\u00eds&#8221;"},"content":{"rendered":"\n<p>El jefe de Estado critic\u00f3 a la oposici\u00f3n tras el rechazo a su veto sobre discapacidad. Defendi\u00f3 su plan econ\u00f3mico y advirti\u00f3 sobre un posible fraude electoral.<\/p>\n\n\n\n<p>Desde el Hotel Alvear, donde particip\u00f3 de un evento del Council of the Americas y la C\u00e1mara Argentina de Comercio, el presidente Javier Milei apunt\u00f3 contra la oposici\u00f3n luego de que el Congreso rechazara su veto a la ley de emergencia en discapacidad. Calific\u00f3 lo ocurrido como &#8220;un espect\u00e1culo macabro&#8221; y acus\u00f3 al Parlamento, &#8220;secuestrado por el kirchnerismo&#8221;, de querer llevar al pa\u00eds a la quiebra.<\/p>\n\n\n\n<p>El golpe legislativo coincidi\u00f3 con el avance de una nueva distribuci\u00f3n de Aportes del Tesoro Nacional (ATN), promovida por los gobernadores. Como contrapeso, el oficialismo logr\u00f3 sostener el veto a la suba de jubilaciones, lo que Milei consider\u00f3 un triunfo parcial. Justific\u00f3 sus decisiones acusando a sus adversarios de querer aprovechar la crisis: &#8220;Ven en la destrucci\u00f3n econ\u00f3mica una oportunidad&#8221;.<\/p>\n\n\n\n<p>Milei vincul\u00f3 la tensi\u00f3n en el Congreso con las pr\u00f3ximas elecciones. &#8220;Estamos ante la posibilidad de terminar con el kirchnerismo&#8221;, dijo, y advirti\u00f3 sobre un posible fraude en los comicios del 7 de septiembre en la provincia de Buenos Aires.<\/p>\n\n\n\n<p>Varios ministros respaldaron el rumbo del Gobierno. El titular de Econom\u00eda, Luis Caputo, rest\u00f3 importancia al conflicto legislativo y lo enmarc\u00f3 en una &#8220;revoluci\u00f3n&#8221; en marcha. &#8220;No vamos a movernos un \u00e1pice del plan. La gente no es tonta&#8221;, asegur\u00f3, y elogi\u00f3 la firmeza de Milei por sostener sus decisiones &#8220;desde la silla el\u00e9ctrica que es gobernar&#8221;.<\/p>\n\n\n\n<p>El jefe de Gabinete, Guillermo Francos, habl\u00f3 en tono m\u00e1s distendido y atribuy\u00f3 la tensi\u00f3n pol\u00edtica a una &#8220;inestabilidad emocional&#8221; ajena a la solidez del programa econ\u00f3mico. Destac\u00f3 el freno al aumento de jubilaciones como un ahorro necesario.<\/p>\n","protected":false},"excerpt":{"rendered":"<p>El jefe de Estado critic\u00f3 a la oposici\u00f3n tras el rechazo a su veto sobre discapacidad. Defendi\u00f3 su plan econ\u00f3mico y advirti\u00f3 sobre un posible fraude electoral. Desde el Hotel&hellip; <\/p>\n","protected":false},"author":4,"featured_media":223578,"comment_status":"closed","ping_status":"open","sticky":false,"template":"","format":"standard","meta":{"footnotes":""},"categories":[3],"tags":[],"class_list":["post-223577","post","type-post","status-publish","format-standard","has-post-thumbnail","hentry","category-politica"],"_links":{"self":[{"href":"https:\/\/corrientesdetarde.com\/index.php\/wp-json\/wp\/v2\/posts\/223577","targetHints":{"allow":["GET"]}}],"collection":[{"href":"https:\/\/corrientesdetarde.com\/index.php\/wp-json\/wp\/v2\/posts"}],"about":[{"href":"https:\/\/corrientesdetarde.com\/index.php\/wp-json\/wp\/v2\/types\/post"}],"author":[{"embeddable":true,"href":"https:\/\/corrientesdetarde.com\/index.php\/wp-json\/wp\/v2\/users\/4"}],"replies":[{"embeddable":true,"href":"https:\/\/corrientesdetarde.com\/index.php\/wp-json\/wp\/v2\/comments?post=223577"}],"version-history":[{"count":1,"href":"https:\/\/corrientesdetarde.com\/index.php\/wp-json\/wp\/v2\/posts\/223577\/revisions"}],"predecessor-version":[{"id":223579,"href":"https:\/\/corrientesdetarde.com\/index.php\/wp-json\/wp\/v2\/posts\/223577\/revisions\/223579"}],"wp:featuredmedia":[{"embeddable":true,"href":"https:\/\/corrientesdetarde.com\/index.php\/wp-json\/wp\/v2\/media\/223578"}],"wp:attachment":[{"href":"https:\/\/corrientesdetarde.com\/index.php\/wp-json\/wp\/v2\/media?parent=223577"}],"wp:term":[{"taxonomy":"category","embeddable":true,"href":"https:\/\/corrientesdetarde.com\/index.php\/wp-json\/wp\/v2\/categories?post=223577"},{"taxonomy":"post_tag","embeddable":true,"href":"https:\/\/corrientesdetarde.com\/index.php\/wp-json\/wp\/v2\/tags?post=223577"}],"curies":[{"name":"wp","href":"https:\/\/api.w.org\/{rel}","templated":true}]}}