{"id":223582,"date":"2025-08-21T20:31:38","date_gmt":"2025-08-21T23:31:38","guid":{"rendered":"https:\/\/corrientesdetarde.com\/?p=223582"},"modified":"2025-08-21T20:31:41","modified_gmt":"2025-08-21T23:31:41","slug":"el-gobierno-intervino-la-agencia-de-discapacidad-y-designo-a-un-nuevo-titular","status":"publish","type":"post","link":"https:\/\/corrientesdetarde.com\/index.php\/politica\/el-gobierno-intervino-la-agencia-de-discapacidad-y-designo-a-un-nuevo-titular\/","title":{"rendered":"El Gobierno intervino la Agencia de Discapacidad y design\u00f3 a un nuevo titular"},"content":{"rendered":"\n<p>Alejandro Vilches ser\u00e1 el interventor en el organismo que dirig\u00eda Diego Spagnuolo. Su primera misi\u00f3n ser\u00e1 realizar una &#8220;profunda auditor\u00eda&#8221; en el \u00e1rea.<\/p>\n\n\n\n<p>Pocas horas despu\u00e9s de despedir a Diego Spagnuolo por el esc\u00e1ndalo de los audios de presuntas coimas, el Gobierno Nacional oficializ\u00f3 la intervenci\u00f3n de la Agencia Nacional de Discapacidad (ANDIS). El nuevo interventor del organismo ser\u00e1 el doctor Alejandro Alberto Vilches.<\/p>\n\n\n\n<p>Seg\u00fan supo Noticias Argentinas, el vocero presidencial, Manuel Adorni, inform\u00f3 que la &#8220;primera misi\u00f3n&#8221; de Vilches ser\u00e1 &#8220;realizar una profunda auditor\u00eda en el \u00e1rea&#8221;. Adorni agreg\u00f3 que las pensiones por invalidez fueron hist\u00f3ricamente una &#8220;caja de la pol\u00edtica&#8221; que el Gobierno est\u00e1 decidido a desmantelar.<\/p>\n\n\n\n<h3 class=\"wp-block-heading\">La intervenci\u00f3n, tras la salida de Spagnuolo por los audios<\/h3>\n\n\n\n<p>La intervenci\u00f3n del organismo se produce de manera inmediata tras la destituci\u00f3n de Diego Spagnuolo, implicado en las grabaciones que denuncian una presunta red de cobro de retornos a laboratorios por la compra de medicamentos. En ese marco, Adorni adelant\u00f3 que el nuevo interventor profundizar\u00e1 la gesti\u00f3n de auditor\u00edas y la revalidaci\u00f3n de pensiones con el objetivo, seg\u00fan el Gobierno, de &#8220;garantizar los derechos de quienes realmente lo necesitan&#8221;. Vilches, el nuevo responsable, es un m\u00e9dico especializado en gesti\u00f3n de sistemas de salud y se desempe\u00f1aba hasta ahora como Secretario de Gesti\u00f3n Sanitaria.<\/p>\n\n\n\n<p>La r\u00e1pida designaci\u00f3n y el anuncio de una auditor\u00eda profunda son la respuesta del Ejecutivo a uno de los mayores esc\u00e1ndalos que enfrenta, buscando mostrar una acci\u00f3n decidida para controlar un \u00e1rea sensible.<\/p>\n","protected":false},"excerpt":{"rendered":"<p>Alejandro Vilches ser\u00e1 el interventor en el organismo que dirig\u00eda Diego Spagnuolo. Su primera misi\u00f3n ser\u00e1 realizar una &#8220;profunda auditor\u00eda&#8221; en el \u00e1rea. Pocas horas despu\u00e9s de despedir a Diego&hellip; <\/p>\n","protected":false},"author":4,"featured_media":223583,"comment_status":"closed","ping_status":"open","sticky":false,"template":"","format":"standard","meta":{"footnotes":""},"categories":[3],"tags":[],"class_list":["post-223582","post","type-post","status-publish","format-standard","has-post-thumbnail","hentry","category-politica"],"_links":{"self":[{"href":"https:\/\/corrientesdetarde.com\/index.php\/wp-json\/wp\/v2\/posts\/223582","targetHints":{"allow":["GET"]}}],"collection":[{"href":"https:\/\/corrientesdetarde.com\/index.php\/wp-json\/wp\/v2\/posts"}],"about":[{"href":"https:\/\/corrientesdetarde.com\/index.php\/wp-json\/wp\/v2\/types\/post"}],"author":[{"embeddable":true,"href":"https:\/\/corrientesdetarde.com\/index.php\/wp-json\/wp\/v2\/users\/4"}],"replies":[{"embeddable":true,"href":"https:\/\/corrientesdetarde.com\/index.php\/wp-json\/wp\/v2\/comments?post=223582"}],"version-history":[{"count":1,"href":"https:\/\/corrientesdetarde.com\/index.php\/wp-json\/wp\/v2\/posts\/223582\/revisions"}],"predecessor-version":[{"id":223584,"href":"https:\/\/corrientesdetarde.com\/index.php\/wp-json\/wp\/v2\/posts\/223582\/revisions\/223584"}],"wp:featuredmedia":[{"embeddable":true,"href":"https:\/\/corrientesdetarde.com\/index.php\/wp-json\/wp\/v2\/media\/223583"}],"wp:attachment":[{"href":"https:\/\/corrientesdetarde.com\/index.php\/wp-json\/wp\/v2\/media?parent=223582"}],"wp:term":[{"taxonomy":"category","embeddable":true,"href":"https:\/\/corrientesdetarde.com\/index.php\/wp-json\/wp\/v2\/categories?post=223582"},{"taxonomy":"post_tag","embeddable":true,"href":"https:\/\/corrientesdetarde.com\/index.php\/wp-json\/wp\/v2\/tags?post=223582"}],"curies":[{"name":"wp","href":"https:\/\/api.w.org\/{rel}","templated":true}]}}