{"id":223606,"date":"2025-08-21T23:21:05","date_gmt":"2025-08-22T02:21:05","guid":{"rendered":"https:\/\/corrientesdetarde.com\/?p=223606"},"modified":"2025-08-21T23:21:20","modified_gmt":"2025-08-22T02:21:20","slug":"chaco-asesino-a-su-padre-lo-escondio-en-la-heladera-y-denuncio-su-desaparicion","status":"publish","type":"post","link":"https:\/\/corrientesdetarde.com\/index.php\/policiales\/chaco-asesino-a-su-padre-lo-escondio-en-la-heladera-y-denuncio-su-desaparicion\/","title":{"rendered":"Chaco: asesin\u00f3 a su padre, lo escondi\u00f3 en la heladera y denunci\u00f3 su desaparici\u00f3n"},"content":{"rendered":"\n<p>El hombre de 65 a\u00f1os fue hallado sin vida en su domicilio. El hijo, de 27 a\u00f1os, confes\u00f3 el crimen tras dar versiones contradictorias.<\/p>\n\n\n\n<p><br>Un brutal crimen sacude a Resistencia. Este jueves a la madrugada, la Polic\u00eda encontr\u00f3 el cuerpo de Rogelio Gauna, de 65 a\u00f1os, dentro de una heladera en su vivienda ubicada sobre calle Garc\u00eda Merou al 2950.<\/p>\n\n\n\n<p>El hallazgo se produjo luego de que su hijo, de 27 a\u00f1os, se presentara en la comisar\u00eda para denunciar la desaparici\u00f3n de su padre, ausente desde hac\u00eda una semana. Sin embargo, tras un rastrillaje en el domicilio, los agentes dieron con el cad\u00e1ver en el electrodom\u00e9stico.<\/p>\n\n\n\n<p>En un primer momento, el joven dio distintas versiones sobre lo ocurrido, pero finalmente confes\u00f3 haberlo ahorcado el jueves pasado tras una discusi\u00f3n relacionada con la venta de bienes para consumir droga.<\/p>\n\n\n\n<p>La fiscal en turno, Candela Valdez, orden\u00f3 la intervenci\u00f3n del Gabinete Cient\u00edfico y el traslado del cuerpo. El acusado qued\u00f3 detenido y fue notificado en la causa caratulada como &#8220;Supuesto homicidio&#8221;.<\/p>\n\n\n\n<p><\/p>\n","protected":false},"excerpt":{"rendered":"<p>El hombre de 65 a\u00f1os fue hallado sin vida en su domicilio. El hijo, de 27 a\u00f1os, confes\u00f3 el crimen tras dar versiones contradictorias. Un brutal crimen sacude a Resistencia.&hellip; <\/p>\n","protected":false},"author":4,"featured_media":223608,"comment_status":"closed","ping_status":"open","sticky":false,"template":"","format":"standard","meta":{"footnotes":""},"categories":[33],"tags":[],"class_list":["post-223606","post","type-post","status-publish","format-standard","has-post-thumbnail","hentry","category-policiales"],"_links":{"self":[{"href":"https:\/\/corrientesdetarde.com\/index.php\/wp-json\/wp\/v2\/posts\/223606","targetHints":{"allow":["GET"]}}],"collection":[{"href":"https:\/\/corrientesdetarde.com\/index.php\/wp-json\/wp\/v2\/posts"}],"about":[{"href":"https:\/\/corrientesdetarde.com\/index.php\/wp-json\/wp\/v2\/types\/post"}],"author":[{"embeddable":true,"href":"https:\/\/corrientesdetarde.com\/index.php\/wp-json\/wp\/v2\/users\/4"}],"replies":[{"embeddable":true,"href":"https:\/\/corrientesdetarde.com\/index.php\/wp-json\/wp\/v2\/comments?post=223606"}],"version-history":[{"count":1,"href":"https:\/\/corrientesdetarde.com\/index.php\/wp-json\/wp\/v2\/posts\/223606\/revisions"}],"predecessor-version":[{"id":223609,"href":"https:\/\/corrientesdetarde.com\/index.php\/wp-json\/wp\/v2\/posts\/223606\/revisions\/223609"}],"wp:featuredmedia":[{"embeddable":true,"href":"https:\/\/corrientesdetarde.com\/index.php\/wp-json\/wp\/v2\/media\/223608"}],"wp:attachment":[{"href":"https:\/\/corrientesdetarde.com\/index.php\/wp-json\/wp\/v2\/media?parent=223606"}],"wp:term":[{"taxonomy":"category","embeddable":true,"href":"https:\/\/corrientesdetarde.com\/index.php\/wp-json\/wp\/v2\/categories?post=223606"},{"taxonomy":"post_tag","embeddable":true,"href":"https:\/\/corrientesdetarde.com\/index.php\/wp-json\/wp\/v2\/tags?post=223606"}],"curies":[{"name":"wp","href":"https:\/\/api.w.org\/{rel}","templated":true}]}}