{"id":223610,"date":"2025-08-22T08:00:11","date_gmt":"2025-08-22T11:00:11","guid":{"rendered":"https:\/\/corrientesdetarde.com\/?p=223610"},"modified":"2025-08-22T08:00:23","modified_gmt":"2025-08-22T11:00:23","slug":"valdes-inauguro-el-parque-tecnologico-unne-corrientes","status":"publish","type":"post","link":"https:\/\/corrientesdetarde.com\/index.php\/locales\/valdes-inauguro-el-parque-tecnologico-unne-corrientes\/","title":{"rendered":"Vald\u00e9s inaugur\u00f3 el Parque Tecnol\u00f3gico UNNE-Corrientes"},"content":{"rendered":"\n<p>Est\u00e1 ubicado en el Campus Deodoro Roca y cuenta con un total de tres hect\u00e1reas donde funcionar\u00e1n laboratorios, incubadora de empresas y un espacio de &#8220;co-working&#8221;. El Gobernador y el Rector Universitario destacaron el trabajo mancomunado.<\/p>\n\n\n\n<p>El gobernador Gustavo Vald\u00e9s inaugur\u00f3 anoche el Parque Tecnol\u00f3gico de Corrientes en el Campus Universitario Deodoro Roca, un espacio que, seg\u00fan lo explicado oficialmente ser\u00e1 &#8220;un punto de encuentro entre el conocimiento acad\u00e9mico, la industria y el sector p\u00fablico, fomentando la transferencia tecnol\u00f3gica y la generaci\u00f3n de empleo de calidad&#8221;.<\/p>\n\n\n\n<p>Siempre de acuerdo a lo especificado, este avance signific\u00f3 un ladrillo m\u00e1s en la pared del trabajo mancomunado que llevan adelante la administraci\u00f3n provincial y la Universidad Nacional del Nordeste (UNNE).<\/p>\n\n\n\n<p>Al respecto, Vald\u00e9s destac\u00f3 esta obra como parte de uno de los ejes de su gesti\u00f3n: la modernizaci\u00f3n, que adem\u00e1s &#8220;viene incluido con el parque solar a trav\u00e9s de la planta fotovoltaica, que permitir\u00e1 al Campus Universitario autoabastecerse en materia de energ\u00eda limpia&#8221;, valor\u00f3.<\/p>\n\n\n\n<p>Es de mencionar que el Parque Tecnol\u00f3gico UNNE \u0096 Provincia de Corrientes (PTUC) est\u00e1 destinado a alojar y alentar la formaci\u00f3n y el crecimiento de empresas basadas en el conocimiento cient\u00edfico-tecnol\u00f3gico. Surgi\u00f3 como herramienta para favorecer la intervenci\u00f3n de la UNNE como agente activo del desarrollo econ\u00f3mico regional.<\/p>\n\n\n\n<p>A tal fin que se dispone de este espacio para el desarrollo de tecnolog\u00edas generadas a partir del sector cient\u00edfico de la Universidad, investigaciones de tipo aplicadas que pueden ser convertidas en tecnolog\u00eda para el desarrollo de la industria regional.<\/p>\n\n\n\n<p>&#8220;Este va ser el lugar donde los j\u00f3venes que pasaron por la secundaria y pasar\u00e1n por la universidad y tienen el talento pueden anidar una empresa del futuro&#8221;, augur\u00f3 el Gobernador.<\/p>\n\n\n\n<figure class=\"wp-block-image\"><img decoding=\"async\" src=\"https:\/\/www.diarioepoca.com\/content\/bucket\/6\/1444766w380h275c.jpg.webp\" alt=\"\"\/><figcaption class=\"wp-element-caption\">EL CORTE DE CINTAS REUNI\u00d3 A FUNCIONARIOS Y AUTORIDADES ACAD\u00c9MICAS.<\/figcaption><\/figure>\n\n\n\n<p>El parque, al que se puede acceder por avenida Libertad y tambi\u00e9n por Ruta 12, cuenta con un total de tres hect\u00e1reas donde funcionar\u00e1n laboratorios, incubadora de empresas de base tecnol\u00f3gica, el nodo de comunicaciones del Campus Universitario, un sal\u00f3n auditorio y espacio de co-working para emprendedores tecnol\u00f3gicos.<\/p>\n\n\n\n<p>Se encuentran instaladas all\u00ed empresas de \u00e1reas estrat\u00e9gicas, la incubadora de empresas UNNETEC INNOVAR, el laboratorio para spin offs universitarios y oficinas para start ups. En julio se habilit\u00f3 la primera oficina de gesti\u00f3n de datos e informaci\u00f3n. Tambi\u00e9n habr\u00e1 oficinas de la empresa TelCo y del Gobierno.<\/p>\n\n\n\n<p>El rector de la Universidad Nacional del Nordeste (UNNE), Gerardo Larroza, indic\u00f3 al respecto que &#8220;la ciencia, la tecnolog\u00eda y el desarrollo son los motores de un futuro m\u00e1s justo y sostenible para la provincia&#8221;.<\/p>\n","protected":false},"excerpt":{"rendered":"<p>Est\u00e1 ubicado en el Campus Deodoro Roca y cuenta con un total de tres hect\u00e1reas donde funcionar\u00e1n laboratorios, incubadora de empresas y un espacio de &#8220;co-working&#8221;. El Gobernador y el&hellip; <\/p>\n","protected":false},"author":3,"featured_media":223620,"comment_status":"closed","ping_status":"open","sticky":false,"template":"","format":"standard","meta":{"footnotes":""},"categories":[8],"tags":[],"class_list":["post-223610","post","type-post","status-publish","format-standard","has-post-thumbnail","hentry","category-locales"],"_links":{"self":[{"href":"https:\/\/corrientesdetarde.com\/index.php\/wp-json\/wp\/v2\/posts\/223610","targetHints":{"allow":["GET"]}}],"collection":[{"href":"https:\/\/corrientesdetarde.com\/index.php\/wp-json\/wp\/v2\/posts"}],"about":[{"href":"https:\/\/corrientesdetarde.com\/index.php\/wp-json\/wp\/v2\/types\/post"}],"author":[{"embeddable":true,"href":"https:\/\/corrientesdetarde.com\/index.php\/wp-json\/wp\/v2\/users\/3"}],"replies":[{"embeddable":true,"href":"https:\/\/corrientesdetarde.com\/index.php\/wp-json\/wp\/v2\/comments?post=223610"}],"version-history":[{"count":1,"href":"https:\/\/corrientesdetarde.com\/index.php\/wp-json\/wp\/v2\/posts\/223610\/revisions"}],"predecessor-version":[{"id":223625,"href":"https:\/\/corrientesdetarde.com\/index.php\/wp-json\/wp\/v2\/posts\/223610\/revisions\/223625"}],"wp:featuredmedia":[{"embeddable":true,"href":"https:\/\/corrientesdetarde.com\/index.php\/wp-json\/wp\/v2\/media\/223620"}],"wp:attachment":[{"href":"https:\/\/corrientesdetarde.com\/index.php\/wp-json\/wp\/v2\/media?parent=223610"}],"wp:term":[{"taxonomy":"category","embeddable":true,"href":"https:\/\/corrientesdetarde.com\/index.php\/wp-json\/wp\/v2\/categories?post=223610"},{"taxonomy":"post_tag","embeddable":true,"href":"https:\/\/corrientesdetarde.com\/index.php\/wp-json\/wp\/v2\/tags?post=223610"}],"curies":[{"name":"wp","href":"https:\/\/api.w.org\/{rel}","templated":true}]}}