{"id":223611,"date":"2025-08-22T08:00:13","date_gmt":"2025-08-22T11:00:13","guid":{"rendered":"https:\/\/corrientesdetarde.com\/?p=223611"},"modified":"2025-08-22T08:00:14","modified_gmt":"2025-08-22T11:00:14","slug":"boleta-unica-se-sortearon-orden-de-las-alianzas","status":"publish","type":"post","link":"https:\/\/corrientesdetarde.com\/index.php\/actualidad\/boleta-unica-se-sortearon-orden-de-las-alianzas\/","title":{"rendered":"Boleta \u00danica: se sortearon orden de las alianzas"},"content":{"rendered":"\n<p>La Junta Electoral Nacional defini\u00f3 espacios, franjas y columnas verticales de la BUP que se estrenar\u00e1 en las legislativas nacionales. Tras los comicios provinciales, vendr\u00e1 la fase de capacitaci\u00f3n.<\/p>\n\n\n\n<p>Avanzan los preparativos para las elecciones nacionales del 26 de octubre. En la sede del Juzgado Federal N\u00b01 y sede de la Junta Electoral Nacional, se sorte\u00f3 el orden en el que aparecer\u00e1n las alianzas inscriptas.<\/p>\n\n\n\n<p>En Corrientes, son en total cuatro frentes y un quinto espacio, un partido pol\u00edtico que presentan candidatos para renovar tres diputados nacionales desde el 10 de diciembre.<\/p>\n\n\n\n<p>En este marco, el 26 de octubre se utilizar\u00e1 por primera vez, a nivel nacional, la Boleta \u00danica de Papel (BUP). Uno de los requisitos previos es el sorteo de las columnas que ocupar\u00e1n los partidos en BUP y este paso se concret\u00f3 en la ma\u00f1ana del jueves.<\/p>\n\n\n\n<p>El orden de alianzas qued\u00f3 de la siguiente manera:<\/p>\n\n\n\n<p>1. Fuerza Patria<\/p>\n\n\n\n<p>2. Ahora<\/p>\n\n\n\n<p>3. Corrientes nos Une<\/p>\n\n\n\n<p>4. Vamos Corrientes<\/p>\n\n\n\n<p>5. La Libertad Avanza<\/p>\n\n\n\n<p>&#8220;Ese es el orden en el que va a figurar la boleta. El orden se establece de izquierda a derecha y es el orden en que van a aparecer. El elector va a encontrar en el cuarto oscuro una boleta \u00fanica con distintas columnas conforme los partidos pol\u00edticos que se presentan a elecciones y ese es el orden en que van a figurar. Es la primera vez que en la elecci\u00f3n nacional en Argentina se va a votar con boleta \u00fanica&#8221;, explic\u00f3 en la ocasi\u00f3n el presidente de la C\u00e1mara Federal, Ram\u00f3n Luis Gonz\u00e1lez.<\/p>\n\n\n\n<p>&#8220;Se hizo el sorteo para establecer ese orden y eso indica la transparencia con la que se actu\u00f3 y todas las agrupaciones tuvieron totalmente de acuerdo y firmaron el acta de conformidad, ninguna hizo ninguna reserva sobre eso&#8221;, agreg\u00f3 en declaraciones a la prensa local.<\/p>\n\n\n\n<p>Por otra parte, adelant\u00f3 que &#8220;est\u00e1 prevista hacer una difusi\u00f3n sobre Boleta \u00fanica Papel. Lo que ocurre es que en este momento, como se avecinan las elecciones provinciales, en realidad cuesta organizar el cronograma de capacitaci\u00f3n. Pero cuando termine de votarse las provinciales se va a iniciar el proceso de capacitaci\u00f3n&#8221;, indic\u00f3.<\/p>\n\n\n\n<h2 class=\"wp-block-heading\">Urnas 31-A: prueban sistema de escrutinio provisorio y definitivo<\/h2>\n\n\n\n<figure class=\"wp-block-image\"><img decoding=\"async\" src=\"https:\/\/www.diarioepoca.com\/content\/bucket\/3\/1444813w380h333c.jpg.webp\" alt=\"\"\/><\/figure>\n\n\n\n<p>La Junta Electoral Provincial anunci\u00f3 que este s\u00e1bado, a las 9, en la sede la Subsecretar\u00eda de Sistemas y Tecnolog\u00edas de Informaci\u00f3n (SUSTI) ubicada en el edificio de calle Tucum\u00e1n N\u00b01164, se har\u00e1 la prueba del sistema de escrutinio provisorio y definitivo para las elecciones provinciales del pr\u00f3ximo 31 de agosto.<\/p>\n\n\n\n<p>Los partidos pueden acreditar fiscales inform\u00e1ticos para la prueba hasta este viernes, a las 13, enviando dicha solicitud al correo electr\u00f3nico oficial perteneciente a la Junta Electoral de la Provincia:&nbsp;juntaelectoral@juscorrientes.gov.ar.<\/p>\n","protected":false},"excerpt":{"rendered":"<p>La Junta Electoral Nacional defini\u00f3 espacios, franjas y columnas verticales de la BUP que se estrenar\u00e1 en las legislativas nacionales. Tras los comicios provinciales, vendr\u00e1 la fase de capacitaci\u00f3n. Avanzan&hellip; <\/p>\n","protected":false},"author":3,"featured_media":223621,"comment_status":"closed","ping_status":"open","sticky":false,"template":"","format":"standard","meta":{"footnotes":""},"categories":[23],"tags":[],"class_list":["post-223611","post","type-post","status-publish","format-standard","has-post-thumbnail","hentry","category-actualidad"],"_links":{"self":[{"href":"https:\/\/corrientesdetarde.com\/index.php\/wp-json\/wp\/v2\/posts\/223611","targetHints":{"allow":["GET"]}}],"collection":[{"href":"https:\/\/corrientesdetarde.com\/index.php\/wp-json\/wp\/v2\/posts"}],"about":[{"href":"https:\/\/corrientesdetarde.com\/index.php\/wp-json\/wp\/v2\/types\/post"}],"author":[{"embeddable":true,"href":"https:\/\/corrientesdetarde.com\/index.php\/wp-json\/wp\/v2\/users\/3"}],"replies":[{"embeddable":true,"href":"https:\/\/corrientesdetarde.com\/index.php\/wp-json\/wp\/v2\/comments?post=223611"}],"version-history":[{"count":1,"href":"https:\/\/corrientesdetarde.com\/index.php\/wp-json\/wp\/v2\/posts\/223611\/revisions"}],"predecessor-version":[{"id":223623,"href":"https:\/\/corrientesdetarde.com\/index.php\/wp-json\/wp\/v2\/posts\/223611\/revisions\/223623"}],"wp:featuredmedia":[{"embeddable":true,"href":"https:\/\/corrientesdetarde.com\/index.php\/wp-json\/wp\/v2\/media\/223621"}],"wp:attachment":[{"href":"https:\/\/corrientesdetarde.com\/index.php\/wp-json\/wp\/v2\/media?parent=223611"}],"wp:term":[{"taxonomy":"category","embeddable":true,"href":"https:\/\/corrientesdetarde.com\/index.php\/wp-json\/wp\/v2\/categories?post=223611"},{"taxonomy":"post_tag","embeddable":true,"href":"https:\/\/corrientesdetarde.com\/index.php\/wp-json\/wp\/v2\/tags?post=223611"}],"curies":[{"name":"wp","href":"https:\/\/api.w.org\/{rel}","templated":true}]}}