{"id":223617,"date":"2025-08-22T08:02:02","date_gmt":"2025-08-22T11:02:02","guid":{"rendered":"https:\/\/corrientesdetarde.com\/?p=223617"},"modified":"2025-08-22T08:02:14","modified_gmt":"2025-08-22T11:02:14","slug":"regatas-con-los-ultimos-detalles-para-dar-inicio-a-la-pretemporada","status":"publish","type":"post","link":"https:\/\/corrientesdetarde.com\/index.php\/deportes\/regatas-con-los-ultimos-detalles-para-dar-inicio-a-la-pretemporada\/","title":{"rendered":"Regatas, con los \u00faltimos detalles para dar inicio a la pretemporada"},"content":{"rendered":"\n<p>El plantel profesional del remero correntino comenzar\u00e1 los trabajos preparatorios para la campa\u00f1a 2025\/26 el pr\u00f3ximo lunes en el Club Atl\u00e9tico Alvear.<\/p>\n\n\n\n<p>El pr\u00f3ximo lunes desde las 10, en el estadio Mart\u00edn Brisco del Club Atl\u00e9tico Alvear, el plantel profesional de Regatas Corrientes iniciar\u00e1 de manera oficial la pretemporada. La plantilla fantasma se prepara en vista a la nueva campa\u00f1a que afrontar\u00e1 en la Liga Nacional de B\u00e1squetbol (LNB). La jornada ser\u00e1 el puntapi\u00e9 inicial para los trabajos que llevar\u00e1 adelante la nueva versi\u00f3n del remero que afrontar\u00e1 su temporada n\u00famero 22\u00aa de manera consecutiva en la \u00e9lite del b\u00e1squet nacional. En la campa\u00f1a 2025\/26, tambi\u00e9n tendr\u00e1 el desaf\u00edo del certamen internacional en la Liga Sudamericana.<\/p>\n\n\n\n<p>El elenco fantasma estar\u00e1 conducido por Juan Manuel Varas, quien viene de tomar la posta en la mitad de la pasada campa\u00f1a y guiar al equipo a las semifinales de la LNB. Como primer asistente acompa\u00f1ar\u00e1 al DT Manuel S\u00e1nchez, entrenador nacido en Firmat con un amplio recorrido en Liga Argentina, Liga Nacional y en el exterior. Viene de ser asistente de Cimbria Randers en Dinamarca.<\/p>\n\n\n\n<figure class=\"wp-block-image\"><img decoding=\"async\" src=\"https:\/\/www.diarioepoca.com\/content\/bucket\/4\/1444804w380h133c.jpg.webp\" alt=\"\"\/><\/figure>\n\n\n\n<p>Como segundo asistente y entrenador de la Liga de Desarrollo estar\u00e1 Diego Checenelli. Adem\u00e1s, el equipo de trabajo se mantendr\u00e1 con Guillermo Stieg como preparador f\u00edsico y Milton Cardozo como kinesi\u00f3logo, sumado a Dami\u00e1n Lezcano como utilero y Daniel Alarc\u00f3n como jefe de equipo.<\/p>\n\n\n\n<p>Es v\u00e1lido destacar que la pr\u00e1ctica ser\u00e1 abierta para todos los medios interesados en acompa\u00f1ar el inicio oficial de los entrenamientos y al Club de Regatas Corrientes en su nueva temporada en la Liga Nacional de B\u00e1squetbol.<\/p>\n\n\n\n<figure class=\"wp-block-image\"><img decoding=\"async\" src=\"https:\/\/www.diarioepoca.com\/content\/bucket\/3\/1444803w380h590c.jpg.webp\" alt=\"\"\/><\/figure>\n\n\n\n<h2 class=\"wp-block-heading\">Obras incorpor\u00f3 a Juan Ignacio Brussino<\/h2>\n\n\n\n<p>Juan Ignacio Brussino ser\u00e1 nuevo refuerzo de Obras Basket para la Liga Nacional 2025-26 y compartir\u00e1 el puesto de base con Pedro Barral. El armador de 1.85 metros, nacido el 14 de marzo de 1991 en Ca\u00f1ada de G\u00f3mez (Santa Fe), se sumar\u00e1 al plantel Rockero con la experiencia de m\u00e1s de una d\u00e9cada en la \u00e9lite. A sus 34 a\u00f1os, llega tras tres temporadas en Quimsa, donde cosech\u00f3 t\u00edtulos de peso: campe\u00f3n de la Liga Nacional 2022-23, de la Supercopa 2023 (con premio MVP en la final ante Gimnasia de Comodoro), de la Copa S\u00faper 20 en 2024 y de la Basketball Champions League Americas 2023-24. En la \u00faltima campa\u00f1a, promedi\u00f3 10.1 puntos, 2.7 rebotes, 5.2 asistencias y 11.7 de valoraci\u00f3n en 24.5 minutos por partido, con un 40% de acierto en triples.<\/p>\n\n\n\n<p>Brussino tuvo tres etapas en Quimsa (2017-20, 2021-22 y 2022-25) en las que tambi\u00e9n levant\u00f3 el S\u00faper 20 en 2018 y la Supercopa en 2022. Adem\u00e1s, jug\u00f3 en Instituto de C\u00f3rdoba (2021), Libertad de Sunchales (2015-17), Ol\u00edmpico(2014-15), Atenas de C\u00f3rdoba (2013-14), La Uni\u00f3n de Formosa (2012-13), Boca Juniors (2010-12) y Uni\u00f3n de Sunchales (2009-10).<\/p>\n","protected":false},"excerpt":{"rendered":"<p>El plantel profesional del remero correntino comenzar\u00e1 los trabajos preparatorios para la campa\u00f1a 2025\/26 el pr\u00f3ximo lunes en el Club Atl\u00e9tico Alvear. El pr\u00f3ximo lunes desde las 10, en el&hellip; <\/p>\n","protected":false},"author":3,"featured_media":223628,"comment_status":"closed","ping_status":"open","sticky":false,"template":"","format":"standard","meta":{"footnotes":""},"categories":[4],"tags":[],"class_list":["post-223617","post","type-post","status-publish","format-standard","has-post-thumbnail","hentry","category-deportes"],"_links":{"self":[{"href":"https:\/\/corrientesdetarde.com\/index.php\/wp-json\/wp\/v2\/posts\/223617","targetHints":{"allow":["GET"]}}],"collection":[{"href":"https:\/\/corrientesdetarde.com\/index.php\/wp-json\/wp\/v2\/posts"}],"about":[{"href":"https:\/\/corrientesdetarde.com\/index.php\/wp-json\/wp\/v2\/types\/post"}],"author":[{"embeddable":true,"href":"https:\/\/corrientesdetarde.com\/index.php\/wp-json\/wp\/v2\/users\/3"}],"replies":[{"embeddable":true,"href":"https:\/\/corrientesdetarde.com\/index.php\/wp-json\/wp\/v2\/comments?post=223617"}],"version-history":[{"count":1,"href":"https:\/\/corrientesdetarde.com\/index.php\/wp-json\/wp\/v2\/posts\/223617\/revisions"}],"predecessor-version":[{"id":223629,"href":"https:\/\/corrientesdetarde.com\/index.php\/wp-json\/wp\/v2\/posts\/223617\/revisions\/223629"}],"wp:featuredmedia":[{"embeddable":true,"href":"https:\/\/corrientesdetarde.com\/index.php\/wp-json\/wp\/v2\/media\/223628"}],"wp:attachment":[{"href":"https:\/\/corrientesdetarde.com\/index.php\/wp-json\/wp\/v2\/media?parent=223617"}],"wp:term":[{"taxonomy":"category","embeddable":true,"href":"https:\/\/corrientesdetarde.com\/index.php\/wp-json\/wp\/v2\/categories?post=223617"},{"taxonomy":"post_tag","embeddable":true,"href":"https:\/\/corrientesdetarde.com\/index.php\/wp-json\/wp\/v2\/tags?post=223617"}],"curies":[{"name":"wp","href":"https:\/\/api.w.org\/{rel}","templated":true}]}}