{"id":223619,"date":"2025-08-22T08:03:53","date_gmt":"2025-08-22T11:03:53","guid":{"rendered":"https:\/\/corrientesdetarde.com\/?p=223619"},"modified":"2025-08-22T08:03:58","modified_gmt":"2025-08-22T11:03:58","slug":"llega-la-bailanta-taco-y-suela-a-la-tercera-seccion-del-departamento-goya","status":"publish","type":"post","link":"https:\/\/corrientesdetarde.com\/index.php\/destacados\/llega-la-bailanta-taco-y-suela-a-la-tercera-seccion-del-departamento-goya\/","title":{"rendered":"Llega la bailanta &#8220;Taco y Suela&#8221; a la Tercera secci\u00f3n del departamento Goya"},"content":{"rendered":"\n<p>Los vecinos podr\u00e1n disfrutar de la Feria de Artesanos y Emprendedores Goyanos, un espacio pensado para valorar el talento local y apoyar la producci\u00f3n artesanal de la regi\u00f3n.<\/p>\n\n\n\n<p>La Municipalidad de Goya invita a toda la comunidad a disfrutar de una verdadera fiesta popular este s\u00e1bado 23 de agosto a las 15 cuando se realice la 9 na edici\u00f3n de la bailanta &#8220;Taco y Suela&#8221; en la 3\u00aa Secci\u00f3n.<\/p>\n\n\n\n<figure class=\"wp-block-image\"><img decoding=\"async\" src=\"https:\/\/www.diarioepoca.com\/content\/bucket\/9\/1444389w380h439c.jpg.webp\" alt=\"\"\/><\/figure>\n\n\n\n<p>El encuentro contar\u00e1 con la actuaci\u00f3n de reconocidos grupos de la m\u00fasica litorale\u00f1a y bailable: Los Gauchos Litorale\u00f1os, Albert Albarrac\u00edn y sus amigos, Los Cara\u00ed del Chamam\u00e9 y la Gauchita Cumbiera, quienes ser\u00e1n los encargados de poner ritmo y alegr\u00eda a la tarde.<\/p>\n\n\n\n<p>Como en cada edici\u00f3n, los asistentes tambi\u00e9n podr\u00e1n recorrer la Feria de Artesanos y Emprendedores Goyanos, un espacio pensado para valorar el talento local y apoyar la producci\u00f3n artesanal de la regi\u00f3n.<\/p>\n\n\n\n<p>El evento ser\u00e1 con entrada libre y gratuita, y desde la organizaci\u00f3n recomiendan a los vecinos asistir en familia y llevar silletas para mayor comodidad.<\/p>\n\n\n\n<p>Vale menionar que este fin de semana se desarroll\u00f3 en el barrio San Ram\u00f3n, de la localidad, en la Plaza Ra\u00fal Alfons\u00edn otro evento en el cual los&#8221;bailanteros&#8221; con sus silletas, mate, y las ganas de disfrutar de la iniciativa municipal, se juntaron en la Plaza animados por los grupos musicales y casi de manera inmediata se fueron formando las &#8220;parejitas&#8221; para el baile.<\/p>\n\n\n\n<p>La parte art\u00edstica, la apertura estuvo a cargo del Grupo &#8220;Los Menchos del Pago&#8221; y &#8220;Los Menchos de la Bailanta&#8221; para continuar a todo ritmo con Alberto Albarrac\u00edn y Sus Amigos Chamameceros, y Albertito y Sus Cumbieros.<\/p>\n","protected":false},"excerpt":{"rendered":"<p>Los vecinos podr\u00e1n disfrutar de la Feria de Artesanos y Emprendedores Goyanos, un espacio pensado para valorar el talento local y apoyar la producci\u00f3n artesanal de la regi\u00f3n. La Municipalidad&hellip; <\/p>\n","protected":false},"author":3,"featured_media":223630,"comment_status":"closed","ping_status":"open","sticky":false,"template":"","format":"standard","meta":{"footnotes":""},"categories":[26],"tags":[],"class_list":["post-223619","post","type-post","status-publish","format-standard","has-post-thumbnail","hentry","category-destacados"],"_links":{"self":[{"href":"https:\/\/corrientesdetarde.com\/index.php\/wp-json\/wp\/v2\/posts\/223619","targetHints":{"allow":["GET"]}}],"collection":[{"href":"https:\/\/corrientesdetarde.com\/index.php\/wp-json\/wp\/v2\/posts"}],"about":[{"href":"https:\/\/corrientesdetarde.com\/index.php\/wp-json\/wp\/v2\/types\/post"}],"author":[{"embeddable":true,"href":"https:\/\/corrientesdetarde.com\/index.php\/wp-json\/wp\/v2\/users\/3"}],"replies":[{"embeddable":true,"href":"https:\/\/corrientesdetarde.com\/index.php\/wp-json\/wp\/v2\/comments?post=223619"}],"version-history":[{"count":1,"href":"https:\/\/corrientesdetarde.com\/index.php\/wp-json\/wp\/v2\/posts\/223619\/revisions"}],"predecessor-version":[{"id":223631,"href":"https:\/\/corrientesdetarde.com\/index.php\/wp-json\/wp\/v2\/posts\/223619\/revisions\/223631"}],"wp:featuredmedia":[{"embeddable":true,"href":"https:\/\/corrientesdetarde.com\/index.php\/wp-json\/wp\/v2\/media\/223630"}],"wp:attachment":[{"href":"https:\/\/corrientesdetarde.com\/index.php\/wp-json\/wp\/v2\/media?parent=223619"}],"wp:term":[{"taxonomy":"category","embeddable":true,"href":"https:\/\/corrientesdetarde.com\/index.php\/wp-json\/wp\/v2\/categories?post=223619"},{"taxonomy":"post_tag","embeddable":true,"href":"https:\/\/corrientesdetarde.com\/index.php\/wp-json\/wp\/v2\/tags?post=223619"}],"curies":[{"name":"wp","href":"https:\/\/api.w.org\/{rel}","templated":true}]}}