{"id":223633,"date":"2025-08-22T09:00:27","date_gmt":"2025-08-22T12:00:27","guid":{"rendered":"https:\/\/corrientesdetarde.com\/?p=223633"},"modified":"2025-08-22T09:00:28","modified_gmt":"2025-08-22T12:00:28","slug":"con-fuerza-de-equipo-vamos-corrientes-camino-el-b-pueblito-buenos-aires","status":"publish","type":"post","link":"https:\/\/corrientesdetarde.com\/index.php\/politica\/con-fuerza-de-equipo-vamos-corrientes-camino-el-b-pueblito-buenos-aires\/","title":{"rendered":"Con fuerza de equipo, Vamos Corrientes camin\u00f3 el B\u00b0 Pueblito\u00a0Buenos Aires"},"content":{"rendered":"\n<p>La alianza Vamos Corrientes llev\u00f3 adelante una nueva caminata en el barrio Pueblito Buenos Aires, como parte de la intensa agenda territorial que despliega en toda la ciudad.&nbsp;<\/p>\n\n\n\n<p>La actividad cont\u00f3 con la presencia del gobernador y candidato a senador provincial Gustavo Vald\u00e9s, el candidato a gobernador Juan Pablo Vald\u00e9s, el candidato a intendente Claudio Polich, el candidato a viceintendente Ariel B\u00e1ez, el candidato a diputado provincial Eduardo Tassano y Emilio Lanari, candidato a concejal, quienes acompa\u00f1aron a los vecinos en una jornada de di\u00e1logo y cercan\u00eda.<\/p>\n\n\n\n<p>En un clima de entusiasmo y contacto personal, los candidatos compartieron propuestas y reafirmaron el compromiso de seguir trabajando en equipo por una ciudad y una provincia con m\u00e1s oportunidades para todos.<\/p>\n\n\n\n<p>\u201cLo que nos une es la fuerza de este gran equipo y el acompa\u00f1amiento de cada correntino que cree en el futuro. Caminamos con esperanza y con la certeza de que juntos vamos a seguir transformando la vida de los vecinos\u201d, expres\u00f3 Polich durante la recorrida.<\/p>\n\n\n\n<p>Con esta caminata en el B\u00b0 Pueblito Buenos Aires, el equipo de Vamos Corrientes refuerza su presencia en el territorio y marca el inicio de los \u00faltimos diez d\u00edas de campa\u00f1a con m\u00e1s fuerza y cercan\u00eda. Cada encuentro con los vecinos refleja el compromiso de seguir escuchando y construyendo juntos, convencidos de que el camino es con unidad, trabajo en equipo y la energ\u00eda de todos los correntinos para alcanzar la victoria el pr\u00f3ximo 31 de agosto.<\/p>\n","protected":false},"excerpt":{"rendered":"<p>La alianza Vamos Corrientes llev\u00f3 adelante una nueva caminata en el barrio Pueblito Buenos Aires, como parte de la intensa agenda territorial que despliega en toda la ciudad.&nbsp; La actividad&hellip; <\/p>\n","protected":false},"author":3,"featured_media":223650,"comment_status":"closed","ping_status":"open","sticky":false,"template":"","format":"standard","meta":{"footnotes":""},"categories":[3],"tags":[],"class_list":["post-223633","post","type-post","status-publish","format-standard","has-post-thumbnail","hentry","category-politica"],"_links":{"self":[{"href":"https:\/\/corrientesdetarde.com\/index.php\/wp-json\/wp\/v2\/posts\/223633","targetHints":{"allow":["GET"]}}],"collection":[{"href":"https:\/\/corrientesdetarde.com\/index.php\/wp-json\/wp\/v2\/posts"}],"about":[{"href":"https:\/\/corrientesdetarde.com\/index.php\/wp-json\/wp\/v2\/types\/post"}],"author":[{"embeddable":true,"href":"https:\/\/corrientesdetarde.com\/index.php\/wp-json\/wp\/v2\/users\/3"}],"replies":[{"embeddable":true,"href":"https:\/\/corrientesdetarde.com\/index.php\/wp-json\/wp\/v2\/comments?post=223633"}],"version-history":[{"count":1,"href":"https:\/\/corrientesdetarde.com\/index.php\/wp-json\/wp\/v2\/posts\/223633\/revisions"}],"predecessor-version":[{"id":223691,"href":"https:\/\/corrientesdetarde.com\/index.php\/wp-json\/wp\/v2\/posts\/223633\/revisions\/223691"}],"wp:featuredmedia":[{"embeddable":true,"href":"https:\/\/corrientesdetarde.com\/index.php\/wp-json\/wp\/v2\/media\/223650"}],"wp:attachment":[{"href":"https:\/\/corrientesdetarde.com\/index.php\/wp-json\/wp\/v2\/media?parent=223633"}],"wp:term":[{"taxonomy":"category","embeddable":true,"href":"https:\/\/corrientesdetarde.com\/index.php\/wp-json\/wp\/v2\/categories?post=223633"},{"taxonomy":"post_tag","embeddable":true,"href":"https:\/\/corrientesdetarde.com\/index.php\/wp-json\/wp\/v2\/tags?post=223633"}],"curies":[{"name":"wp","href":"https:\/\/api.w.org\/{rel}","templated":true}]}}