{"id":223635,"date":"2025-08-22T09:00:25","date_gmt":"2025-08-22T12:00:25","guid":{"rendered":"https:\/\/corrientesdetarde.com\/?p=223635"},"modified":"2025-08-22T09:00:27","modified_gmt":"2025-08-22T12:00:27","slug":"demoledor-el-senado-le-rechazo-a-milei-cinco-decretos-clave","status":"publish","type":"post","link":"https:\/\/corrientesdetarde.com\/index.php\/politica\/demoledor-el-senado-le-rechazo-a-milei-cinco-decretos-clave\/","title":{"rendered":"Demoledor: el Senado le rechaz\u00f3 a Milei cinco decretos clave"},"content":{"rendered":"\n<p>El Senado anul\u00f3 con amplia mayor\u00eda los decretos de Milei que disolv\u00edan Vialidad Nacional y modificaban organismos como INTA e INTI en una derrota legislativa de proporciones para el oficialismo<\/p>\n\n\n\n<p>El Senado de la Naci\u00f3n asest\u00f3 un duro rev\u00e9s al gobierno de&nbsp;<strong>Javier Milei<\/strong>&nbsp;al rechazar cinco decretos presidenciales que buscaban transformar organismos clave del Estado. Con amplias mayor\u00edas, la C\u00e1mara alta dej\u00f3 sin efecto las medidas que disolv\u00edan Vialidad Nacional y modificaban la estructura del INTA, INTI y otros organismos.<\/p>\n\n\n\n<h3 class=\"wp-block-heading\">Los decretos rechazados<\/h3>\n\n\n\n<p>Los decretos, impulsados desde el Ministerio de Desregulaci\u00f3n y Transformaci\u00f3n del Estado a cargo de&nbsp;<strong>Federico Sturzenegger<\/strong>, inclu\u00edan la disoluci\u00f3n de Vialidad Nacional y la Agencia Nacional de Seguridad Vial, argumentando \u00abaltos costos operativos\u00bb y \u00abfalta de agilidad\u00bb. Tambi\u00e9n propon\u00edan transformar el INTA y el INTI en organismos dependientes de secretar\u00edas de Estado, quit\u00e1ndoles su car\u00e1cter aut\u00e1rquico.<\/p>\n\n\n\n<figure class=\"wp-block-image\"><img decoding=\"async\" src=\"https:\/\/i0.wp.com\/www.4semanas.com\/wp-content\/uploads\/2025\/08\/image-131.png?resize=750%2C500&amp;ssl=1\" alt=\"\" class=\"wp-image-69140\"\/><\/figure>\n\n\n\n<p>El decreto sobre Vialidad Nacional reasignaba funciones esenciales al Ministerio de Econom\u00eda, mientras que el de la ANSV transfer\u00eda sus competencias a Gendarmer\u00eda Nacional. Otro de los decretos modificaba el Banco Nacional de Datos Gen\u00e9ticos, limitando sus competencias seg\u00fan se\u00f1alaron los opositores.<\/p>\n\n\n\n<h3 class=\"wp-block-heading\">Los argumentos del debate<\/h3>\n\n\n\n<p>El senador radical&nbsp;<strong>Pablo Blanco<\/strong>&nbsp;critic\u00f3 duramente la medida sobre Vialidad Nacional: \u00abel Gobierno toma una medida que es como si aparece un enfermo de c\u00e1ncer y para no gastar en dinero le pega un tiro y lo mata, entonces se acab\u00f3 el enfermo y se acab\u00f3 el problema\u00bb.<\/p>\n\n\n\n<figure class=\"wp-block-image\"><img decoding=\"async\" src=\"https:\/\/i0.wp.com\/www.4semanas.com\/wp-content\/uploads\/2025\/08\/senado.jpg?resize=800%2C533&amp;ssl=1\" alt=\"\" class=\"wp-image-69141\"\/><\/figure>\n\n\n\n<p><strong>Alfredo De Angeli<\/strong>, jefe de bloque del PRO, defendi\u00f3 al INTA se\u00f1alando que \u00abtiene un prestigio tremendo a nivel internacional\u00bb y destac\u00f3 sus logros: \u00abEl INTA ha inventado la primera cosechadora de algod\u00f3n para la zona de Santa Fe, Chaco y Formosa\u00bb.<\/p>\n\n\n\n<p>El senador&nbsp;<strong>Eduardo De Pedro<\/strong>&nbsp;se refiri\u00f3 al decreto del Banco de Datos Gen\u00e9ticos: \u00abquita competencias, reduce las capacidades, y tiene que ver con volver a la Argentina de la impunidad\u00bb.<\/p>\n\n\n\n<h3 class=\"wp-block-heading\">Los resultados de las votaciones<\/h3>\n\n\n\n<p>Las votaciones mostraron contundentes mayor\u00edas en contra de los decretos presidenciales. El rechazo al INTA e INTI obtuvo 60 votos negativos contra apenas 9 positivos. Los organismos culturales recibieron 57 rechazos contra 13 afirmativos.<\/p>\n\n\n\n<p>El Banco de Datos Gen\u00e9ticos fue respaldado solo por 12 senadores frente a 58 que votaron en contra. La Marina Mercante sum\u00f3 55 rechazos contra 13 apoyos, mientras que Vialidad Nacional registr\u00f3 50 votos negativos y apenas 10 positivos.<\/p>\n\n\n\n<p>La derrota legislativa representa otro obst\u00e1culo para el plan de reformas del gobierno, que ve c\u00f3mo el Congreso se consolida como un freno a sus iniciativas de transformaci\u00f3n del Estado.<\/p>\n","protected":false},"excerpt":{"rendered":"<p>El Senado anul\u00f3 con amplia mayor\u00eda los decretos de Milei que disolv\u00edan Vialidad Nacional y modificaban organismos como INTA e INTI en una derrota legislativa de proporciones para el oficialismo&hellip; <\/p>\n","protected":false},"author":3,"featured_media":223649,"comment_status":"closed","ping_status":"open","sticky":false,"template":"","format":"standard","meta":{"footnotes":""},"categories":[3],"tags":[],"class_list":["post-223635","post","type-post","status-publish","format-standard","has-post-thumbnail","hentry","category-politica"],"_links":{"self":[{"href":"https:\/\/corrientesdetarde.com\/index.php\/wp-json\/wp\/v2\/posts\/223635","targetHints":{"allow":["GET"]}}],"collection":[{"href":"https:\/\/corrientesdetarde.com\/index.php\/wp-json\/wp\/v2\/posts"}],"about":[{"href":"https:\/\/corrientesdetarde.com\/index.php\/wp-json\/wp\/v2\/types\/post"}],"author":[{"embeddable":true,"href":"https:\/\/corrientesdetarde.com\/index.php\/wp-json\/wp\/v2\/users\/3"}],"replies":[{"embeddable":true,"href":"https:\/\/corrientesdetarde.com\/index.php\/wp-json\/wp\/v2\/comments?post=223635"}],"version-history":[{"count":1,"href":"https:\/\/corrientesdetarde.com\/index.php\/wp-json\/wp\/v2\/posts\/223635\/revisions"}],"predecessor-version":[{"id":223690,"href":"https:\/\/corrientesdetarde.com\/index.php\/wp-json\/wp\/v2\/posts\/223635\/revisions\/223690"}],"wp:featuredmedia":[{"embeddable":true,"href":"https:\/\/corrientesdetarde.com\/index.php\/wp-json\/wp\/v2\/media\/223649"}],"wp:attachment":[{"href":"https:\/\/corrientesdetarde.com\/index.php\/wp-json\/wp\/v2\/media?parent=223635"}],"wp:term":[{"taxonomy":"category","embeddable":true,"href":"https:\/\/corrientesdetarde.com\/index.php\/wp-json\/wp\/v2\/categories?post=223635"},{"taxonomy":"post_tag","embeddable":true,"href":"https:\/\/corrientesdetarde.com\/index.php\/wp-json\/wp\/v2\/tags?post=223635"}],"curies":[{"name":"wp","href":"https:\/\/api.w.org\/{rel}","templated":true}]}}