{"id":223637,"date":"2025-08-22T09:00:23","date_gmt":"2025-08-22T12:00:23","guid":{"rendered":"https:\/\/corrientesdetarde.com\/?p=223637"},"modified":"2025-08-22T09:00:24","modified_gmt":"2025-08-22T12:00:24","slug":"valdes-encabezara-una-jornada-con-inauguraciones-y-entrega-de-notebooks-en-capital","status":"publish","type":"post","link":"https:\/\/corrientesdetarde.com\/index.php\/informacion-general\/valdes-encabezara-una-jornada-con-inauguraciones-y-entrega-de-notebooks-en-capital\/","title":{"rendered":"Vald\u00e9s encabezar\u00e1 una jornada con inauguraciones y entrega de notebooks en Capital"},"content":{"rendered":"\n<p>El gobernador Gustavo Vald\u00e9s tendr\u00e1 este viernes 22 de agosto, una jornada con inauguraciones; del Instituto Policl\u00ednico Polivalente y&nbsp;de la Feria Gastron\u00f3mica \u201cIber\u00e1 Convida\u201d y tambi\u00e9n entregar\u00e1 notebooks del programa Incluir Futuro en Capital en la C.E.F N\u00b0 1.<\/p>\n\n\n\n<p>El primer acto de este viernes, ser\u00e1 la inauguraci\u00f3n del Instituto Policl\u00ednico Polivalente a las 9, en su sede ubicada en Uruguay 855.<\/p>\n\n\n\n<p>La segunda actividad del d\u00eda, consistir\u00e1 en la entrega de notebooks del programa Incluir Futuro a las 11 de la ma\u00f1ana en la C.E.F N\u00b0 1 sito en avenida Patagonia 1801.<\/p>\n\n\n\n<p>Por \u00faltimo, Vald\u00e9s inaugurar\u00e1 la Feria Gastron\u00f3mica \u201cIber\u00e1 Convida\u201d a las 19 en el Predio de La Unidad, ubicado al costado del Puente en la antigua Ex Unidad Penal N\u00b0 1 de Capital. &nbsp;&nbsp;<\/p>\n","protected":false},"excerpt":{"rendered":"<p>El gobernador Gustavo Vald\u00e9s tendr\u00e1 este viernes 22 de agosto, una jornada con inauguraciones; del Instituto Policl\u00ednico Polivalente y&nbsp;de la Feria Gastron\u00f3mica \u201cIber\u00e1 Convida\u201d y tambi\u00e9n entregar\u00e1 notebooks del programa&hellip; <\/p>\n","protected":false},"author":3,"featured_media":223648,"comment_status":"closed","ping_status":"open","sticky":false,"template":"","format":"standard","meta":{"footnotes":""},"categories":[1],"tags":[],"class_list":["post-223637","post","type-post","status-publish","format-standard","has-post-thumbnail","hentry","category-informacion-general"],"_links":{"self":[{"href":"https:\/\/corrientesdetarde.com\/index.php\/wp-json\/wp\/v2\/posts\/223637","targetHints":{"allow":["GET"]}}],"collection":[{"href":"https:\/\/corrientesdetarde.com\/index.php\/wp-json\/wp\/v2\/posts"}],"about":[{"href":"https:\/\/corrientesdetarde.com\/index.php\/wp-json\/wp\/v2\/types\/post"}],"author":[{"embeddable":true,"href":"https:\/\/corrientesdetarde.com\/index.php\/wp-json\/wp\/v2\/users\/3"}],"replies":[{"embeddable":true,"href":"https:\/\/corrientesdetarde.com\/index.php\/wp-json\/wp\/v2\/comments?post=223637"}],"version-history":[{"count":1,"href":"https:\/\/corrientesdetarde.com\/index.php\/wp-json\/wp\/v2\/posts\/223637\/revisions"}],"predecessor-version":[{"id":223689,"href":"https:\/\/corrientesdetarde.com\/index.php\/wp-json\/wp\/v2\/posts\/223637\/revisions\/223689"}],"wp:featuredmedia":[{"embeddable":true,"href":"https:\/\/corrientesdetarde.com\/index.php\/wp-json\/wp\/v2\/media\/223648"}],"wp:attachment":[{"href":"https:\/\/corrientesdetarde.com\/index.php\/wp-json\/wp\/v2\/media?parent=223637"}],"wp:term":[{"taxonomy":"category","embeddable":true,"href":"https:\/\/corrientesdetarde.com\/index.php\/wp-json\/wp\/v2\/categories?post=223637"},{"taxonomy":"post_tag","embeddable":true,"href":"https:\/\/corrientesdetarde.com\/index.php\/wp-json\/wp\/v2\/tags?post=223637"}],"curies":[{"name":"wp","href":"https:\/\/api.w.org\/{rel}","templated":true}]}}