{"id":223639,"date":"2025-08-22T08:32:20","date_gmt":"2025-08-22T11:32:20","guid":{"rendered":"https:\/\/corrientesdetarde.com\/?p=223639"},"modified":"2025-08-22T08:33:02","modified_gmt":"2025-08-22T11:33:02","slug":"tarrago-ros-fue-distinguido-con-el-maximo-reconocimiento-del-senado-de-corrientes","status":"publish","type":"post","link":"https:\/\/corrientesdetarde.com\/index.php\/actualidad\/tarrago-ros-fue-distinguido-con-el-maximo-reconocimiento-del-senado-de-corrientes\/","title":{"rendered":"Tarrag\u00f3 Ros fue distinguido con el m\u00e1ximo reconocimiento del Senado de Corrientes"},"content":{"rendered":"\n<p>El vicegobernador Pedro Braillard Poccard entreg\u00f3 la Distinci\u00f3n \u201cLibertador General San Mart\u00edn\u201d al m\u00fasico y compositor, quien brind\u00f3 un concierto inolvidable en las escalinatas de la Legislatura.<\/p>\n\n\n\n<p>En v\u00edsperas del D\u00eda Nacional del Folclore, la Honorable C\u00e1mara de Senadores de Corrientes rindi\u00f3 un emotivo homenaje a Antonio Tarrag\u00f3 Ros, figura indiscutida del chamam\u00e9 y referente de la m\u00fasica popular argentina. En una ceremonia colmada de emoci\u00f3n, el artista recibi\u00f3 de manos del vicegobernador Pedro Braillard Poccard el reconocimiento \u201cLibertador General San Mart\u00edn\u201d, m\u00e1ximo galard\u00f3n que otorga la instituci\u00f3n.<\/p>\n\n\n\n<p>Las escalinatas de la Legislatura se transformaron en escenario de m\u00fasica, danza y memoria colectiva. Con videos homenaje que incluyeron su trayectoria y mensajes de familiares y amigos, la participaci\u00f3n del Ballet Folcl\u00f3rico Juvenil de la C\u00e1mara de Senadores y un multitudinario p\u00fablico que acompa\u00f1\u00f3 la velada se convirti\u00f3 en un verdadero canto a la identidad correntina.<\/p>\n\n\n\n<figure class=\"wp-block-image size-large\"><img loading=\"lazy\" decoding=\"async\" width=\"1024\" height=\"683\" src=\"https:\/\/corrientesdetarde.com\/wp-content\/uploads\/2025\/08\/2b8e3eea-9862-4776-b49b-ddf7bf6ebfba-1024x683.jpg\" alt=\"\" class=\"wp-image-223647\" srcset=\"https:\/\/corrientesdetarde.com\/wp-content\/uploads\/2025\/08\/2b8e3eea-9862-4776-b49b-ddf7bf6ebfba-1024x683.jpg 1024w, https:\/\/corrientesdetarde.com\/wp-content\/uploads\/2025\/08\/2b8e3eea-9862-4776-b49b-ddf7bf6ebfba-300x200.jpg 300w, https:\/\/corrientesdetarde.com\/wp-content\/uploads\/2025\/08\/2b8e3eea-9862-4776-b49b-ddf7bf6ebfba-768x512.jpg 768w, https:\/\/corrientesdetarde.com\/wp-content\/uploads\/2025\/08\/2b8e3eea-9862-4776-b49b-ddf7bf6ebfba-1536x1024.jpg 1536w, https:\/\/corrientesdetarde.com\/wp-content\/uploads\/2025\/08\/2b8e3eea-9862-4776-b49b-ddf7bf6ebfba.jpg 1599w\" sizes=\"auto, (max-width: 1024px) 100vw, 1024px\" \/><\/figure>\n\n\n\n<p>En su discurso, el Vicegobernador resalt\u00f3 el profundo significado del reconocimiento: \u201cHoy nos toca un privilegio muy especial: entregar esta distinci\u00f3n al Maestro Tarrag\u00f3 Ros. Siempre he sentido una admiraci\u00f3n particular por aquellos artistas que llevaron al chamam\u00e9 a lo m\u00e1s alto de la cultura argentina, cuando todav\u00eda nuestra m\u00fasica no era valorada como deb\u00eda. Yo me cri\u00e9 escuchando a mi madre tocar chamam\u00e9, y cuando me toc\u00f3 estar lejos de Corrientes, poner un disco era sentirme nuevamente en casa. El chamam\u00e9 es nuestra identidad, nos enorgullece y nos define, y usted, Maestro, ha sido fundamental para mantener viva esa llama\u201d.<\/p>\n\n\n\n<p>M\u00e1s adelante, subray\u00f3 el papel de Tarrag\u00f3 Ros como embajador cultural de Corrientes: \u201cEl honor es nuestro al poder distinguir a un hombre que supo compartir escenarios con las grandes figuras del folclore argentino y que, con talento y compromiso, llev\u00f3 al chamam\u00e9 a su merecido lugar de reconocimiento. Estas distinciones no solo honran a una persona, sino que reafirman lo que somos como pueblo. Gracias, Maestro, por su aporte y por habernos regalado tanta m\u00fasica y emoci\u00f3n\u201d.<\/p>\n\n\n\n<p>Tras recibir la distinci\u00f3n, Tarrag\u00f3 Ros dialog\u00f3 con la prensa en el que se mostr\u00f3 emocionado: \u201cCuando me lleg\u00f3 la noticia de semejante reconocimiento llor\u00e9. Soy bastante llor\u00f3n, s\u00ed. Pero es que este homenaje tiene un valor enorme porque viene de mi tierra. Durante mucho tiempo el chamam\u00e9 fue menospreciado, visto como algo menor. Y sin embargo, lo salv\u00f3 la gente: el r\u00edo, el campo, los paisanos que lo guardaron en su coraz\u00f3n. Hoy el chamam\u00e9 es patrimonio de la humanidad y eso demuestra la sabidur\u00eda de nuestro pueblo\u201d.<br>El m\u00fasico tambi\u00e9n dej\u00f3 un mensaje a los nuevos artistas: \u201cUno tiene que tocar primero para uno mismo, para lo que lleva en el alma. Mi padre me ense\u00f1\u00f3 que si uno quiere a la gente, ellos lo saben, no hace falta explicarlo. Los j\u00f3venes m\u00fasicos tienen que buscar dentro suyo, en lo que m\u00e1s aman, ah\u00ed est\u00e1 el chamam\u00e9 verdadero. No en copiar modas ni concursos de sapucay, porque el sapucay es como un llanto, no una competencia. Eso es lo que nos sostiene, lo que nos da arraigo y nos permite resistir las inclemencias del mercado\u201d.<\/p>\n\n\n\n<p>El homenaje culmin\u00f3 con un concierto de quince temas, en el que Tarrag\u00f3 Ros recorri\u00f3 cl\u00e1sicos de su extensa trayectoria como Sin Ley, Jineteando la Vida, Soy el Chamam\u00e9, Mar\u00eda va y Canci\u00f3n para Carito. Cada interpretaci\u00f3n fue recibida con ovaciones y sapucay que convirtieron la noche en una celebraci\u00f3n compartida con identidad correntina.<\/p>\n\n\n\n<p>Con la Distinci\u00f3n \u201cLibertador General San Mart\u00edn\u201d, el Senado provincial reconoci\u00f3 no solo la trayectoria de un artista, sino tambi\u00e9n la de un hombre que supo hacer del chamam\u00e9 un estandarte cultural y una forma de vivir.<\/p>\n","protected":false},"excerpt":{"rendered":"<p>El vicegobernador Pedro Braillard Poccard entreg\u00f3 la Distinci\u00f3n \u201cLibertador General San Mart\u00edn\u201d al m\u00fasico y compositor, quien brind\u00f3 un concierto inolvidable en las escalinatas de la Legislatura. En v\u00edsperas del&hellip; <\/p>\n","protected":false},"author":3,"featured_media":223646,"comment_status":"closed","ping_status":"open","sticky":false,"template":"","format":"standard","meta":{"footnotes":""},"categories":[23],"tags":[],"class_list":["post-223639","post","type-post","status-publish","format-standard","has-post-thumbnail","hentry","category-actualidad"],"_links":{"self":[{"href":"https:\/\/corrientesdetarde.com\/index.php\/wp-json\/wp\/v2\/posts\/223639","targetHints":{"allow":["GET"]}}],"collection":[{"href":"https:\/\/corrientesdetarde.com\/index.php\/wp-json\/wp\/v2\/posts"}],"about":[{"href":"https:\/\/corrientesdetarde.com\/index.php\/wp-json\/wp\/v2\/types\/post"}],"author":[{"embeddable":true,"href":"https:\/\/corrientesdetarde.com\/index.php\/wp-json\/wp\/v2\/users\/3"}],"replies":[{"embeddable":true,"href":"https:\/\/corrientesdetarde.com\/index.php\/wp-json\/wp\/v2\/comments?post=223639"}],"version-history":[{"count":1,"href":"https:\/\/corrientesdetarde.com\/index.php\/wp-json\/wp\/v2\/posts\/223639\/revisions"}],"predecessor-version":[{"id":223663,"href":"https:\/\/corrientesdetarde.com\/index.php\/wp-json\/wp\/v2\/posts\/223639\/revisions\/223663"}],"wp:featuredmedia":[{"embeddable":true,"href":"https:\/\/corrientesdetarde.com\/index.php\/wp-json\/wp\/v2\/media\/223646"}],"wp:attachment":[{"href":"https:\/\/corrientesdetarde.com\/index.php\/wp-json\/wp\/v2\/media?parent=223639"}],"wp:term":[{"taxonomy":"category","embeddable":true,"href":"https:\/\/corrientesdetarde.com\/index.php\/wp-json\/wp\/v2\/categories?post=223639"},{"taxonomy":"post_tag","embeddable":true,"href":"https:\/\/corrientesdetarde.com\/index.php\/wp-json\/wp\/v2\/tags?post=223639"}],"curies":[{"name":"wp","href":"https:\/\/api.w.org\/{rel}","templated":true}]}}