{"id":223641,"date":"2025-08-22T09:00:21","date_gmt":"2025-08-22T12:00:21","guid":{"rendered":"https:\/\/corrientesdetarde.com\/?p=223641"},"modified":"2025-08-22T09:00:22","modified_gmt":"2025-08-22T12:00:22","slug":"electrocutado-en-un-presunto-intento-de-robo-de-luminaria","status":"publish","type":"post","link":"https:\/\/corrientesdetarde.com\/index.php\/policiales\/electrocutado-en-un-presunto-intento-de-robo-de-luminaria\/","title":{"rendered":"Electrocutado en un presunto intento de robo de luminaria"},"content":{"rendered":"\n<p>Los due\u00f1os de un comercio alertaron sobre una persona muerta en el techo. Se tratar\u00eda de un hombre en situaci\u00f3n de calle. Su cuerpo estaba boca abajo, con un cuchillo en una mano y otra sujetando un cable a\u00f1adido a un reflector. Trataban de lograr su identificaci\u00f3n.<\/p>\n\n\n\n<p>Un presunto ladr\u00f3n fue encontrado muerto sobre el techo de un local comercial en la zona sureste de la capital provincial. La principal hip\u00f3tesis sobre su deceso est\u00e1 relacionada a una descarga el\u00e9ctrica sufrida mientras pretend\u00eda cortar un cable en procura de sustraer un reflector.<\/p>\n\n\n\n<p>El cad\u00e1ver estaba boca abajo sobre las chapas, con una mano sujetando un cuchillo y la otra tirando del cable a\u00f1adido a la luminaria.<\/p>\n\n\n\n<p>Seg\u00fan datos obtenidos por diario \u00e9poca, el hallazgo del cuerpo fue por parte de una persona que not\u00f3 la figura de alguien en la parte alta del negocio situado en la intersecci\u00f3n de avenida Arturo Frondizi y calle Julio Verne en el barrio Fray Jos\u00e9 de la Quintana.<\/p>\n\n\n\n<p>Ayer, poco despu\u00e9s del mediod\u00eda, efectivos de la Comisar\u00eda seccional Vigesimoprimera recibieron la alerta sobre un hombre tirado en el techo de una carnicer\u00eda.<\/p>\n\n\n\n<p>Los polic\u00edas constataron la veracidad de la informaci\u00f3n y de forma r\u00e1pida solicitaron presencia de una dotaci\u00f3n de bomberos como de personal de la Direcci\u00f3n de Emergencias Sanitarias.<\/p>\n\n\n\n<p>Hasta ese momento se desconoc\u00eda mayores datos y si tal persona a\u00fan presentaba signos vitales. En cambio, cuando subieron observaron la escena que arroj\u00f3 las primeras sospechas sobre una muerte por electrocuci\u00f3n.<\/p>\n\n\n\n<figure class=\"wp-block-image\"><img decoding=\"async\" src=\"https:\/\/www.diarioepoca.com\/content\/bucket\/8\/1444788w380h243c.jpg.webp\" alt=\"\"\/><figcaption class=\"wp-element-caption\">AS\u00cd ENCONTRARON AL HOMBRE QUE HABR\u00cdA INTENTADO COMETER EL DELITO.<\/figcaption><\/figure>\n\n\n\n<p>El hombre sujetaba un cable con una mano y en la otra ten\u00eda el cuchillo. La escena indicar\u00eda una clara maniobra de intento de corte. En esa situaci\u00f3n habr\u00eda recibido la descarga el\u00e9ctrica mortal.<\/p>\n\n\n\n<p>Se tratar\u00eda de un hombre de alrededor de 30 a\u00f1os, presuntamente en situaci\u00f3n de calle, y hasta el cierre de la nota en calidad de NN.<\/p>\n\n\n\n<p>El presunto delincuente llevaba una mochila de color azul colocada sobre la espalda. Vest\u00eda pantal\u00f3n negro, zapatillas blancas, campera con capucha verde oliva y gorra blanca con visera.<\/p>\n\n\n\n<p>Los estudios m\u00e9dicos preliminares indicaban que la muerte se produjo varias horas antes.<\/p>\n\n\n\n<p>La presunci\u00f3n de los investigadores indica que en horario de la madrugada el hombre subi\u00f3 hasta el techo tras escalar por un costado, al parecer sujet\u00e1ndose de las rejas de una ventana.<\/p>\n\n\n\n<p>Una vez arriba extrajo el arma blanca de entre sus prendas de vestir y, acostado boca abajo, sobre las chapas, comenz\u00f3 a ejercer violencia sobre el cableado que conduce el suministro el\u00e9ctrico a la luminaria instalada en la punta de un hierro, direccionado para alumbrar la marquesina del local.<\/p>\n\n\n\n<p>Marcas de quemaduras en la mano izquierda, con la cual tiraba del cable, ser\u00eda indicio contundente de la descarga el\u00e9ctrica fulminante.<\/p>\n\n\n\n<p>El cad\u00e1ver fue extra\u00eddo del lugar por bomberos de Polic\u00eda para ser llevado al Instituto M\u00e9dico Forense.<\/p>\n\n\n\n<p>La Unidad Fiscal de Investigaciones Concretas orden\u00f3 realizar todas las pericias necesarias y el secuestro de los objetos que ten\u00eda consigo el supuesto malviviente.<\/p>\n","protected":false},"excerpt":{"rendered":"<p>Los due\u00f1os de un comercio alertaron sobre una persona muerta en el techo. Se tratar\u00eda de un hombre en situaci\u00f3n de calle. Su cuerpo estaba boca abajo, con un cuchillo&hellip; <\/p>\n","protected":false},"author":3,"featured_media":223645,"comment_status":"closed","ping_status":"open","sticky":false,"template":"","format":"standard","meta":{"footnotes":""},"categories":[33],"tags":[],"class_list":["post-223641","post","type-post","status-publish","format-standard","has-post-thumbnail","hentry","category-policiales"],"_links":{"self":[{"href":"https:\/\/corrientesdetarde.com\/index.php\/wp-json\/wp\/v2\/posts\/223641","targetHints":{"allow":["GET"]}}],"collection":[{"href":"https:\/\/corrientesdetarde.com\/index.php\/wp-json\/wp\/v2\/posts"}],"about":[{"href":"https:\/\/corrientesdetarde.com\/index.php\/wp-json\/wp\/v2\/types\/post"}],"author":[{"embeddable":true,"href":"https:\/\/corrientesdetarde.com\/index.php\/wp-json\/wp\/v2\/users\/3"}],"replies":[{"embeddable":true,"href":"https:\/\/corrientesdetarde.com\/index.php\/wp-json\/wp\/v2\/comments?post=223641"}],"version-history":[{"count":1,"href":"https:\/\/corrientesdetarde.com\/index.php\/wp-json\/wp\/v2\/posts\/223641\/revisions"}],"predecessor-version":[{"id":223688,"href":"https:\/\/corrientesdetarde.com\/index.php\/wp-json\/wp\/v2\/posts\/223641\/revisions\/223688"}],"wp:featuredmedia":[{"embeddable":true,"href":"https:\/\/corrientesdetarde.com\/index.php\/wp-json\/wp\/v2\/media\/223645"}],"wp:attachment":[{"href":"https:\/\/corrientesdetarde.com\/index.php\/wp-json\/wp\/v2\/media?parent=223641"}],"wp:term":[{"taxonomy":"category","embeddable":true,"href":"https:\/\/corrientesdetarde.com\/index.php\/wp-json\/wp\/v2\/categories?post=223641"},{"taxonomy":"post_tag","embeddable":true,"href":"https:\/\/corrientesdetarde.com\/index.php\/wp-json\/wp\/v2\/tags?post=223641"}],"curies":[{"name":"wp","href":"https:\/\/api.w.org\/{rel}","templated":true}]}}