{"id":223660,"date":"2025-08-22T09:00:29","date_gmt":"2025-08-22T12:00:29","guid":{"rendered":"https:\/\/corrientesdetarde.com\/?p=223660"},"modified":"2025-08-22T09:00:31","modified_gmt":"2025-08-22T12:00:31","slug":"presentaron-e-book-sobre-ensenanza-de-geografia-urbana-con-participacion-de-investigadores-de-la-unne","status":"publish","type":"post","link":"https:\/\/corrientesdetarde.com\/index.php\/educacion\/presentaron-e-book-sobre-ensenanza-de-geografia-urbana-con-participacion-de-investigadores-de-la-unne\/","title":{"rendered":"Presentaron e-book sobre ense\u00f1anza de Geograf\u00eda Urbana con participaci\u00f3n de investigadores de la UNNE"},"content":{"rendered":"\n<p><em>La publicaci\u00f3n gratuita, presentada en el II Coloquio de Geograf\u00eda Urbana, integra experiencias did\u00e1cticas de universidades argentinas. Los contenidos trascienden el \u00e1mbito acad\u00e9mico para ofrecer herramientas aplicables en gesti\u00f3n de riesgos, planificaci\u00f3n participativa y pol\u00edticas p\u00fablicas urbanas.<\/em><\/p>\n\n\n\n<p>En el marco del II Coloquio de Geograf\u00eda Urbana: &#8220;Espacios urbanos y sus problem\u00e1ticas contempor\u00e1neas&#8221;, que se desarroll\u00f3 el 20 y 21 de agosto en la Facultad de Humanidades de la UNNE, fue presentado el e-book &#8220;Geograf\u00eda urbana en la ense\u00f1anza superior. Experiencias, did\u00e1cticas y abordajes cr\u00edticos&#8221;.<\/p>\n\n\n\n<p>La publicaci\u00f3n, editada por la Universidad Nacional de R\u00edo Cuarto dentro de su Colecci\u00f3n Acad\u00e9mico-Cient\u00edfica, es fruto de la colaboraci\u00f3n entre los doctores Jorge Alfredo Alberto y An\u00edbal Marcelo Mignone, docentes investigadores del Departamento de Geograf\u00eda y del Centro de Geociencias Aplicadas de la Facultad de Humanidades de la UNNE, junto a Marcela Cristina Montero, de la Facultad de Ciencias Humanas de la UNRC, quienes actuaron como compiladores.<\/p>\n\n\n\n<p><a><\/a>El e-book, que ya se encuentra disponible de forma gratuita en l\u00ednea (<a href=\"http:\/\/bit.ly\/4mey898\" target=\"_blank\" rel=\"noreferrer noopener\">bit.ly\/4mey898<\/a>), re\u00fane la producci\u00f3n acad\u00e9mica de docentes-investigadores de diversas universidades p\u00fablicas nacionales que encontraron en la colaboraci\u00f3n y el intercambio una metodolog\u00eda para consolidar la ense\u00f1anza de la Geograf\u00eda Urbana.<\/p>\n\n\n\n<p>La estructura de la obra ofrece un abordaje integral del fen\u00f3meno urbano. Se organiza en tres grandes secciones que analizan desde metodolog\u00edas de ense\u00f1anza hasta an\u00e1lisis cr\u00edticos de los modelos de ciudad contempor\u00e1neos.<\/p>\n\n\n\n<p>La primera parte se centra en metodolog\u00edas de ense\u00f1anza y trabajo de campo, destacando estrategias que integran observaci\u00f3n directa, an\u00e1lisis cartogr\u00e1fico, uso de tecnolog\u00edas geoespaciales y din\u00e1micas participativas. Los autores enfatizan el trabajo de campo no como un complemento acad\u00e9mico, sino como eje formativo fundamental.<\/p>\n\n\n\n<p>La segunda secci\u00f3n se enfoca en el espacio intraurbano, periurbano e interurbano, con estudios de caso focalizados en ciudades intermedias. Estos an\u00e1lisis iluminan procesos como la verticalizaci\u00f3n, la expansi\u00f3n perif\u00e9rica y las jerarqu\u00edas interurbanas, aportando herramientas concretas para la planificaci\u00f3n y gesti\u00f3n territorial.<\/p>\n\n\n\n<p>La tercera parte propone miradas transversales y cr\u00edticas que interpelan los modelos de ciudad actuales, los planes de crecimiento urbano, el derecho a la ciudad, la sostenibilidad y las desigualdades de g\u00e9nero. Esta secci\u00f3n invita a repensar los espacios urbanos desde una perspectiva situada y comprometida con las problem\u00e1ticas contempor\u00e1neas.<\/p>\n\n\n\n<p>La potencialidad de la obra est\u00e1 en su capacidad de articular la ense\u00f1anza con la pr\u00e1ctica profesional. Los contenidos no solo est\u00e1n dirigidos a mejorar las clases de Geograf\u00eda Urbana en el nivel superior, sino que tambi\u00e9n ofrecen insumos aplicables al an\u00e1lisis territorial, la gesti\u00f3n de riesgos, la planificaci\u00f3n participativa y la elaboraci\u00f3n de pol\u00edticas p\u00fablicas.<\/p>\n\n\n\n<p>Tambi\u00e9n participaron como autores de cap\u00edtulos o art\u00edculos del libro, Guillermina Urriza, Alejandra Torres Geraldi; Diego Hern\u00e1n Omar; Jos\u00e9 Ignacio Larreche y Carla Eleonora Pedrazzani.<\/p>\n\n\n\n<p>Cada cap\u00edtulo combina teor\u00eda, pr\u00e1ctica y reflexi\u00f3n, demostrando c\u00f3mo la docencia universitaria puede transformarse en un espacio de producci\u00f3n de conocimiento y construcci\u00f3n colectiva. En este sentido, la publicaci\u00f3n trasciende el car\u00e1cter de manual acad\u00e9mico para ofrecer una verdadera &#8220;caja de herramientas&#8221; que integra innovaci\u00f3n pedag\u00f3gica, estudios de caso, metodolog\u00edas interdisciplinarias y miradas cr\u00edticas.<\/p>\n\n\n\n<p><strong>Coloquio de Geograf\u00eda Urbana.<\/strong><strong>&nbsp;<\/strong>El II Coloquio de Geograf\u00eda Urbana, marco de esta presentaci\u00f3n, cuenta con el reconocimiento oficial de las c\u00e1maras legislativas provinciales. La Honorable C\u00e1mara de Diputados de la Provincia de Corrientes expres\u00f3 su inter\u00e9s mediante la Declaraci\u00f3n 172\/25, mientras que la C\u00e1mara de Diputados de la Provincia del Chaco declar\u00f3 de inter\u00e9s provincial, legislativo y educativo la realizaci\u00f3n del evento a trav\u00e9s de la Resoluci\u00f3n 797\/25.<\/p>\n\n\n\n<p>El encuentro es organizado conjuntamente por la Universidad Nacional del Nordeste, la Universidad Nacional de C\u00f3rdoba, la Universidad Nacional de R\u00edo Cuarto, la Universidad Nacional del Sur y la Universidade Federal da Fronteira Sul de Brasil, con el aval acad\u00e9mico de las respectivas facultades y departamentos.<\/p>\n\n\n\n<p>Durante las dos jornadas del coloquio se abordaron cuatro ejes tem\u00e1ticos centrales: ense\u00f1anza de la Geograf\u00eda Urbana; derecho a la ciudad, accesibilidad, disputas y espacialidades del h\u00e1bitat popular; morfolog\u00eda y estructura urbana; y ordenamiento y gesti\u00f3n territorial del espacio urbano.<\/p>\n\n\n\n<p>El programa incluye conferencias magistrales, ponencias y mesas de debate, con el objetivo de fortalecer las redes acad\u00e9micas y de investigaci\u00f3n, as\u00ed como abrir horizontes para futuras colaboraciones entre instituciones.<\/p>\n\n\n\n<p>EPIGRAFE<\/p>\n\n\n\n<p>Los doctores Jorge Alfredo Alberto y An\u00edbal Marcelo Mignone junto a Marcela Cristina Montero de la UNRC son los autores del e-book presentado en el Coloquio de Geograf\u00eda Urbana. (Foto: Cynthia Jara)<\/p>\n","protected":false},"excerpt":{"rendered":"<p>La publicaci\u00f3n gratuita, presentada en el II Coloquio de Geograf\u00eda Urbana, integra experiencias did\u00e1cticas de universidades argentinas. Los contenidos trascienden el \u00e1mbito acad\u00e9mico para ofrecer herramientas aplicables en gesti\u00f3n de&hellip; <\/p>\n","protected":false},"author":3,"featured_media":223662,"comment_status":"closed","ping_status":"open","sticky":false,"template":"","format":"standard","meta":{"footnotes":""},"categories":[32],"tags":[],"class_list":["post-223660","post","type-post","status-publish","format-standard","has-post-thumbnail","hentry","category-educacion"],"_links":{"self":[{"href":"https:\/\/corrientesdetarde.com\/index.php\/wp-json\/wp\/v2\/posts\/223660","targetHints":{"allow":["GET"]}}],"collection":[{"href":"https:\/\/corrientesdetarde.com\/index.php\/wp-json\/wp\/v2\/posts"}],"about":[{"href":"https:\/\/corrientesdetarde.com\/index.php\/wp-json\/wp\/v2\/types\/post"}],"author":[{"embeddable":true,"href":"https:\/\/corrientesdetarde.com\/index.php\/wp-json\/wp\/v2\/users\/3"}],"replies":[{"embeddable":true,"href":"https:\/\/corrientesdetarde.com\/index.php\/wp-json\/wp\/v2\/comments?post=223660"}],"version-history":[{"count":1,"href":"https:\/\/corrientesdetarde.com\/index.php\/wp-json\/wp\/v2\/posts\/223660\/revisions"}],"predecessor-version":[{"id":223693,"href":"https:\/\/corrientesdetarde.com\/index.php\/wp-json\/wp\/v2\/posts\/223660\/revisions\/223693"}],"wp:featuredmedia":[{"embeddable":true,"href":"https:\/\/corrientesdetarde.com\/index.php\/wp-json\/wp\/v2\/media\/223662"}],"wp:attachment":[{"href":"https:\/\/corrientesdetarde.com\/index.php\/wp-json\/wp\/v2\/media?parent=223660"}],"wp:term":[{"taxonomy":"category","embeddable":true,"href":"https:\/\/corrientesdetarde.com\/index.php\/wp-json\/wp\/v2\/categories?post=223660"},{"taxonomy":"post_tag","embeddable":true,"href":"https:\/\/corrientesdetarde.com\/index.php\/wp-json\/wp\/v2\/tags?post=223660"}],"curies":[{"name":"wp","href":"https:\/\/api.w.org\/{rel}","templated":true}]}}