{"id":223697,"date":"2025-08-22T09:52:14","date_gmt":"2025-08-22T12:52:14","guid":{"rendered":"https:\/\/corrientesdetarde.com\/?p=223697"},"modified":"2025-08-22T09:52:26","modified_gmt":"2025-08-22T12:52:26","slug":"musica-y-arte-inundan-la-cultura-portena","status":"publish","type":"post","link":"https:\/\/corrientesdetarde.com\/index.php\/cultura\/musica-y-arte-inundan-la-cultura-portena\/","title":{"rendered":"MUSICA Y ARTE INUNDAN LA CULTURA PORTE\u00d1A"},"content":{"rendered":"\n<p>(Bel\u00e9n Papa Orfano) &#8211; Este fin de semana, el Malba tiene varias propuestas, tanto para los que quieren ver arte como para los que quieren ir al cine. Adem\u00e1s, arranca la semana con m\u00e1s tango en la Ciudad de Buenos Aires con una nueva edici\u00f3n del Mundial de Tango.<\/p>\n\n\n\n<p>ARTE<\/p>\n\n\n\n<p>El Malba exhibe una peque\u00f1a exposici\u00f3n a Luis Felipe No\u00e9, \u00faltimo emblema de la Nueva Figuraci\u00f3n que falleci\u00f3 este a\u00f1o. En una sala del Nivel 1 del museo especialmente ambientada, la muestra re\u00fane cinco piezas fechadas entre 1962 y 1965 que expresan la crisis del paradigma de la pintura modernista. En ellas, No\u00e9 profundiza en su concepci\u00f3n de \u201ccuadro dividido\u201d \u2013con la que se propuso desafiar la unidad generando quiebres de atm\u00f3sferas pict\u00f3ricas\u2013 y pone en evidencia la violencia como met\u00e1fora est\u00e9tica al romper la tela y la estructura del bastidor.<\/p>\n\n\n\n<p>Malba &#8211; Av. Figueroa Alcorta 3415<\/p>\n\n\n\n<p>M\u00daSICA<\/p>\n\n\n\n<p>El viernes 22 a las 20 horas, la Orquesta del Tango de Buenos Aires se presentar\u00e1 en la Usina del Arte junto a Guillermo Fern\u00e1ndez, una de las voces m\u00e1s destacadas del tango, quien celebrar\u00e1 en este concierto especial sus 60 a\u00f1os de trayectoria dedicados al g\u00e9nero musical. Realizar\u00e1n un repertorio basado en grandes cl\u00e1sicos del tango, y un peque\u00f1o tributo al gran compositor Osvaldo Piro. La entrada ser\u00e1 libre con reserva previa online.<\/p>\n\n\n\n<p>Usina del Arte &#8211; Agust\u00edn R. Caffarena 1<\/p>\n\n\n\n<p>CINE<\/p>\n\n\n\n<p>En su cl\u00e1sico ciclo de cine con m\u00fasica en vivo, el Malba proyectar\u00e1 Nosferatu, el primer gran film de vampiros de la historia del cine.<br>Se exhibir\u00e1 el s\u00e1bado 23 de agosto a las 24 horas con m\u00fasica en vivo, compuesta e interpretada por la National Film Chamber Orchestra, coordinada por Fernando Kabusacki.<\/p>\n\n\n\n<p>Malba &#8211; Av. Figueroa Alcorta 3415<\/p>\n\n\n\n<p>TEATRO<\/p>\n\n\n\n<p>En el marco del Tango BA Festival y Mundial 2025 el Cine Teatro El Plata, en el barrio de Mataderos, abre sus puertas con una propuesta que va m\u00e1s all\u00e1 del escenario. El hall del teatro ser\u00e1 pista de baile con la tradicional Milonga del Plata los viernes 22 y 29 a las 19 horas, y habr\u00e1 encuentros con m\u00fasica en vivo, exhibiciones y DJ.<\/p>\n\n\n\n<p>Cine Teatro El Plata &#8211; Av. Juan Bautista Alberdi 5765<\/p>\n\n\n\n<p>PARA LOS M\u00c1S CHICOS<\/p>\n\n\n\n<p>\u00a1Cu\u00e1nto cuento! es una sala de exposici\u00f3n y espacio de lectura en el Palacio Libertad que invita a zambullirse en el universo de Mar\u00eda Elena Walsh, donde el absurdo es posible y las palabras no son solo letras.<\/p>\n\n\n\n<p>La Sala 303 del tercer piso ha sido ambientada por una selecci\u00f3n de ilustradores y artistas que participaron de la reciente reedici\u00f3n de los libros de la gran escritora y m\u00fasica argentina y llenaron el espacio de murales, mu\u00f1ecos, videos e instalaciones para mirar, descubrir y jugar junto con los libros y las canciones de la artista.<\/p>\n\n\n\n<p>Palacio Libertad &#8211; Sarmiento 151<\/p>\n","protected":false},"excerpt":{"rendered":"<p>(Bel\u00e9n Papa Orfano) &#8211; Este fin de semana, el Malba tiene varias propuestas, tanto para los que quieren ver arte como para los que quieren ir al cine. Adem\u00e1s, arranca&hellip; <\/p>\n","protected":false},"author":11,"featured_media":223698,"comment_status":"closed","ping_status":"open","sticky":false,"template":"","format":"standard","meta":{"footnotes":""},"categories":[15],"tags":[],"class_list":["post-223697","post","type-post","status-publish","format-standard","has-post-thumbnail","hentry","category-cultura"],"_links":{"self":[{"href":"https:\/\/corrientesdetarde.com\/index.php\/wp-json\/wp\/v2\/posts\/223697","targetHints":{"allow":["GET"]}}],"collection":[{"href":"https:\/\/corrientesdetarde.com\/index.php\/wp-json\/wp\/v2\/posts"}],"about":[{"href":"https:\/\/corrientesdetarde.com\/index.php\/wp-json\/wp\/v2\/types\/post"}],"author":[{"embeddable":true,"href":"https:\/\/corrientesdetarde.com\/index.php\/wp-json\/wp\/v2\/users\/11"}],"replies":[{"embeddable":true,"href":"https:\/\/corrientesdetarde.com\/index.php\/wp-json\/wp\/v2\/comments?post=223697"}],"version-history":[{"count":1,"href":"https:\/\/corrientesdetarde.com\/index.php\/wp-json\/wp\/v2\/posts\/223697\/revisions"}],"predecessor-version":[{"id":223699,"href":"https:\/\/corrientesdetarde.com\/index.php\/wp-json\/wp\/v2\/posts\/223697\/revisions\/223699"}],"wp:featuredmedia":[{"embeddable":true,"href":"https:\/\/corrientesdetarde.com\/index.php\/wp-json\/wp\/v2\/media\/223698"}],"wp:attachment":[{"href":"https:\/\/corrientesdetarde.com\/index.php\/wp-json\/wp\/v2\/media?parent=223697"}],"wp:term":[{"taxonomy":"category","embeddable":true,"href":"https:\/\/corrientesdetarde.com\/index.php\/wp-json\/wp\/v2\/categories?post=223697"},{"taxonomy":"post_tag","embeddable":true,"href":"https:\/\/corrientesdetarde.com\/index.php\/wp-json\/wp\/v2\/tags?post=223697"}],"curies":[{"name":"wp","href":"https:\/\/api.w.org\/{rel}","templated":true}]}}