{"id":223766,"date":"2025-08-23T08:40:00","date_gmt":"2025-08-23T11:40:00","guid":{"rendered":"https:\/\/corrientesdetarde.com\/?p=223766"},"modified":"2025-08-23T08:59:54","modified_gmt":"2025-08-23T11:59:54","slug":"la-semana-proxima-se-inauguraria-el-instituto-de-oncologia","status":"publish","type":"post","link":"https:\/\/corrientesdetarde.com\/index.php\/politica\/la-semana-proxima-se-inauguraria-el-instituto-de-oncologia\/","title":{"rendered":"La semana pr\u00f3xima se inaugurar\u00eda el Instituto de Oncolog\u00eda."},"content":{"rendered":"\n<h2 class=\"wp-block-heading\">El instituto se encuentra en Avenida Chacabuco y calle Suiza\u00a0de la Capital de Corrientes y el ministro de Salud P\u00fablica, Ricardo Cardozo adelant\u00f3 que se inaugurar\u00eda la semana que viene. Desliz\u00f3 que en los pr\u00f3ximos d\u00edas tambi\u00e9n se habilitar\u00e1 la guardia de Emergencias del Hospital Vidal.<\/h2>\n\n\n\n<p>El ministro Cardozo adelant\u00f3 que \u201centre lunes y mi\u00e9rcoles\u201d, dependiendo de la agenda del gobernador, se podr\u00eda inaugurar el Instituto de Oncolog\u00eda que se encuentra en Avenida Chacabuco y calle Suiza de la Ciudad de Corrientes. Ser\u00e1 un polo de investigaci\u00f3n cient\u00edfico \u2013 m\u00e9dica donde se tratar\u00e1 el C\u00e1ncer a la vez que se trabajar\u00e1 tanto en su prevenci\u00f3n como en su diagn\u00f3stico.<\/p>\n\n\n\n<p>Esta construcci\u00f3n, llevada adelante por el Ministerio de Obras y Servicios P\u00fablicos, a trav\u00e9s de su Unidad de Arquitectura Hospitalaria (UAH), est\u00e1 desarrollado en un predio de 4.500 m2 cubiertos aproximadamente, y se ubica en la intersecci\u00f3n de la calle Suiza y Avenida Chacabuco de la ciudad de Corrientes, en un predio del Estado provincial de unos 20.000 m2 aproximadamente.<\/p>\n\n\n\n<p>B\u00e1sicamente, contar\u00e1 con una Admisi\u00f3n General; Consultas Externas; un \u00e1rea de Diagn\u00f3stico Por Im\u00e1genes RNM-TC; Ecograf\u00eda; Radiolog\u00eda; Mamograf\u00eda; Medicina Nuclear PET-CT\/SPEC-CT; Tratamiento con Radioterapia y Braquiterapia de Alta Tasa Hospital de D\u00eda para Quimioterapia con 31 sillones. Tambi\u00e9n, Guardia de Emergencias Consultorios Laboratorio Sal\u00f3n de Conferencias y Docencia con 50 Sillones Investigaci\u00f3n y Prevenci\u00f3n.<\/p>\n\n\n\n<p><strong>Situaci\u00f3n sanitaria<\/strong><\/p>\n\n\n\n<p>Por otro lado, en el acto de inauguraci\u00f3n del Policl\u00ednico del Instituto de la Obra Social de Corrientes, destac\u00f3 que \u201ces muy importante para los afiliados\u201d. Explic\u00f3 que \u201cfue una orden del gobernador que ayud\u00e1ramos al Instituto con equipamiento\u201d.<\/p>\n\n\n\n<p>En cuanto a enfermedades respiratorias, coment\u00f3 que \u201cestamos relativamente bien\u201d y que no se registraron brotes, adem\u00e1s de exponer que no se cuentan a\u00fan con casos de dengue en la provincia.<\/p>\n\n\n\n<p>Respecto de recursos nacionales, Cardozo coment\u00f3 que \u201ccada vez es mayor el recorte, discutimos cada lugar, pero desgraciadamente tenemos que afrontar las cosas que no nos env\u00edan\u201d. Puntualiz\u00f3 en cuanto a Incluir Salud, que el Gobierno nacional desfinanci\u00f3 y la Provincia \u201cse hizo cargo de la atenci\u00f3n de pacientes de hemodi\u00e1lisis y de medicamentos oncol\u00f3gicos, entre otros\u201d, afirmando que sumaron al presupuesto provincial unos 30.000 millones de pesos al a\u00f1o.<\/p>\n\n\n\n<p>Por otro lado, adelant\u00f3 que est\u00e1 previsto que se reforme el \u00e1rea de emergencias del Hospital Escuela. \u201cSe ve que hay un campamento cuando se pasa por ah\u00ed de los familiares y por eso hay que darle un toque de humanidad\u201d, expres\u00f3.<a href=\"https:\/\/www.radiosudamericana.com\/notix\/multimedia\/imagenes\/fotos\/2025-08-22\/253772.jpg\"><\/a><\/p>\n","protected":false},"excerpt":{"rendered":"<p>El instituto se encuentra en Avenida Chacabuco y calle Suiza\u00a0de la Capital de Corrientes y el ministro de Salud P\u00fablica, Ricardo Cardozo adelant\u00f3 que se inaugurar\u00eda la semana que viene.&hellip; <\/p>\n","protected":false},"author":6,"featured_media":223768,"comment_status":"closed","ping_status":"open","sticky":false,"template":"","format":"standard","meta":{"footnotes":""},"categories":[3],"tags":[],"class_list":["post-223766","post","type-post","status-publish","format-standard","has-post-thumbnail","hentry","category-politica"],"_links":{"self":[{"href":"https:\/\/corrientesdetarde.com\/index.php\/wp-json\/wp\/v2\/posts\/223766","targetHints":{"allow":["GET"]}}],"collection":[{"href":"https:\/\/corrientesdetarde.com\/index.php\/wp-json\/wp\/v2\/posts"}],"about":[{"href":"https:\/\/corrientesdetarde.com\/index.php\/wp-json\/wp\/v2\/types\/post"}],"author":[{"embeddable":true,"href":"https:\/\/corrientesdetarde.com\/index.php\/wp-json\/wp\/v2\/users\/6"}],"replies":[{"embeddable":true,"href":"https:\/\/corrientesdetarde.com\/index.php\/wp-json\/wp\/v2\/comments?post=223766"}],"version-history":[{"count":1,"href":"https:\/\/corrientesdetarde.com\/index.php\/wp-json\/wp\/v2\/posts\/223766\/revisions"}],"predecessor-version":[{"id":223769,"href":"https:\/\/corrientesdetarde.com\/index.php\/wp-json\/wp\/v2\/posts\/223766\/revisions\/223769"}],"wp:featuredmedia":[{"embeddable":true,"href":"https:\/\/corrientesdetarde.com\/index.php\/wp-json\/wp\/v2\/media\/223768"}],"wp:attachment":[{"href":"https:\/\/corrientesdetarde.com\/index.php\/wp-json\/wp\/v2\/media?parent=223766"}],"wp:term":[{"taxonomy":"category","embeddable":true,"href":"https:\/\/corrientesdetarde.com\/index.php\/wp-json\/wp\/v2\/categories?post=223766"},{"taxonomy":"post_tag","embeddable":true,"href":"https:\/\/corrientesdetarde.com\/index.php\/wp-json\/wp\/v2\/tags?post=223766"}],"curies":[{"name":"wp","href":"https:\/\/api.w.org\/{rel}","templated":true}]}}