{"id":223788,"date":"2025-08-23T10:20:00","date_gmt":"2025-08-23T13:20:00","guid":{"rendered":"https:\/\/corrientesdetarde.com\/?p=223788"},"modified":"2025-08-23T10:20:46","modified_gmt":"2025-08-23T13:20:46","slug":"bolsonaro-nego-tener-un-plan-para-fugarse-y-pidio-que-se-revoque-su-arresto-domiciliario","status":"publish","type":"post","link":"https:\/\/corrientesdetarde.com\/index.php\/internacionales\/bolsonaro-nego-tener-un-plan-para-fugarse-y-pidio-que-se-revoque-su-arresto-domiciliario\/","title":{"rendered":"Bolsonaro neg\u00f3 tener un plan para fugarse y pidi\u00f3 que se revoque su arresto domiciliario."},"content":{"rendered":"\n<h2 class=\"wp-block-heading\">La defensa del expresidente brasile\u00f1o lanz\u00f3 acusaciones contra la polic\u00eda y rechaz\u00f3 haber violado medidas cautelares.<\/h2>\n\n\n\n<p><strong>Jair Bolsonaro<\/strong>\u00a0volvi\u00f3 a quedar en el centro de la pol\u00e9mica en<strong>\u00a0Brasil<\/strong>: este viernes, la defensa del exmandatario neg\u00f3 que este tenga\u00a0<strong>intenciones de huir a la Argentina\u00a0<\/strong>y pidi\u00f3 la revocaci\u00f3n de la prisi\u00f3n preventiva que cumple en su casa, en el contexto del juicio por el intento de golpe de Estado tras las elecciones de 2022.<\/p>\n\n\n\n<p>Bolsonaro, que gobern\u00f3 entre 2019 y 2022, est\u00e1 acusado de liderar una&nbsp;<strong>\u201corganizaci\u00f3n criminal\u201d<\/strong>&nbsp;que busc\u00f3 impedir la asunci\u00f3n de&nbsp;<strong>Luiz In\u00e1cio Lula da Silva<\/strong>.<\/p>\n\n\n\n<p>Desde principios de agosto, el l\u00edder ultraderechista cumple prisi\u00f3n domiciliaria preventiva, una medida ordenada por el juez&nbsp;<strong>Alexandre de Moraes<\/strong>&nbsp;luego de que el imputado violara la prohibici\u00f3n de expresarse en redes sociales.<\/p>\n\n\n\n<h2 class=\"wp-block-heading\">La polic\u00eda encontr\u00f3 un borrador de pedido de asilo a Milei<\/h2>\n\n\n\n<p>La situaci\u00f3n se tens\u00f3 a\u00fan m\u00e1s despu\u00e9s de que la&nbsp;<strong>Polic\u00eda Federal<\/strong>&nbsp;presentara un informe en el que sostiene que Bolsonaro volvi\u00f3 a incumplir las restricciones judiciales. Seg\u00fan el an\u00e1lisis de un celular incautado, el exmandatario se comunic\u00f3 con otros imputados en la causa y comparti\u00f3 por&nbsp;<strong>Whatsapp hasta 300 videos<\/strong>&nbsp;relacionados con manifestaciones de apoyo en&nbsp;<strong>San Pablo<\/strong>&nbsp;y&nbsp;<strong>R\u00edo de Janeiro<\/strong>, a pesar de las prohibiciones.<\/p>\n\n\n\n<p>Adem\u00e1s, los investigadores hallaron un documento de\u00a0<strong>33 p\u00e1ginas<\/strong>:\u00a0<strong>un borrador de \u201cpedido de asilo pol\u00edtico\u201d<\/strong>\u00a0dirigido al presidente argentino\u00a0<strong>Javier Milei<\/strong>, fechado pocos d\u00edas despu\u00e9s de que la polic\u00eda iniciara la investigaci\u00f3n por golpismo en\u00a0<strong>febrero de 2024.<\/strong>\u00a0En ese texto, Bolsonaro argumentaba que era v\u00edctima de \u201cpersecuci\u00f3n pol\u00edtica en Brasil\u201d para justificar el pedido de asilo.<\/p>\n\n\n\n<h2 class=\"wp-block-heading\">La defensa de Bolsonaro: \u201cEsto es lawfare\u201d<\/h2>\n\n\n\n<p>El juez Moraes le dio plazo hasta este viernes a la defensa para que explicara la existencia del borrador. Los abogados de Bolsonaro respondieron con dureza y acusaron a la polic\u00eda de intentar \u201cdesmoralizarlo\u201d y de exponer su vida privada con acusaciones \u201ctan graves como infundadas\u201d.<\/p>\n\n\n\n<p>\u201cEl objetivo es la masacre. La desmoralizaci\u00f3n.&nbsp;<strong>En otras palabras, es&nbsp;<\/strong><em><strong>lawfare<\/strong><\/em><strong>&nbsp;en curso\u201d<\/strong>, afirmaron en el escrito presentado ante la Corte Suprema. Adem\u00e1s, remarcaron que Bolsonaro cumpli\u00f3 todas las \u00f3rdenes judiciales y que permaneci\u00f3 en su residencia incluso cuando le impusieron la tobillera electr\u00f3nica, medida que luego fue reforzada con el arresto domiciliario.<\/p>\n\n\n\n<p><strong>\u201cUn borrador de pedido de asilo al presidente argentino, que data de febrero de 2024, no puede ser considerado un indicio de fuga\u201d<\/strong>, sostuvieron los abogados.<\/p>\n\n\n\n<h2 class=\"wp-block-heading\">Qu\u00e9 puede pasar con Bolsonaro<\/h2>\n\n\n\n<p>El proceso judicial contra el exmandatario comenz\u00f3 en abril y el m\u00e1ximo tribunal de Brasil debe emitir un fallo entre el&nbsp;<strong>2 y el 12 de septiembre<\/strong>. Si es declarado culpable, Bolsonaro podr\u00eda enfrentar hasta&nbsp;<strong>40 a\u00f1os de prisi\u00f3n<\/strong>.<\/p>\n\n\n\n<p>El caso tambi\u00e9n gener\u00f3 tensiones diplom\u00e1ticas con Estados Unidos:&nbsp;<strong>Donald Trump<\/strong>&nbsp;impuso aranceles punitivos a Brasil y sancion\u00f3 a magistrados brasile\u00f1os, en lo que denunci\u00f3 como una \u201ccaza de brujas\u201d contra Bolsonaro.<\/p>\n","protected":false},"excerpt":{"rendered":"<p>La defensa del expresidente brasile\u00f1o lanz\u00f3 acusaciones contra la polic\u00eda y rechaz\u00f3 haber violado medidas cautelares. Jair Bolsonaro\u00a0volvi\u00f3 a quedar en el centro de la pol\u00e9mica en\u00a0Brasil: este viernes, la&hellip; <\/p>\n","protected":false},"author":6,"featured_media":223796,"comment_status":"closed","ping_status":"open","sticky":false,"template":"","format":"standard","meta":{"footnotes":""},"categories":[11],"tags":[],"class_list":["post-223788","post","type-post","status-publish","format-standard","has-post-thumbnail","hentry","category-internacionales"],"_links":{"self":[{"href":"https:\/\/corrientesdetarde.com\/index.php\/wp-json\/wp\/v2\/posts\/223788","targetHints":{"allow":["GET"]}}],"collection":[{"href":"https:\/\/corrientesdetarde.com\/index.php\/wp-json\/wp\/v2\/posts"}],"about":[{"href":"https:\/\/corrientesdetarde.com\/index.php\/wp-json\/wp\/v2\/types\/post"}],"author":[{"embeddable":true,"href":"https:\/\/corrientesdetarde.com\/index.php\/wp-json\/wp\/v2\/users\/6"}],"replies":[{"embeddable":true,"href":"https:\/\/corrientesdetarde.com\/index.php\/wp-json\/wp\/v2\/comments?post=223788"}],"version-history":[{"count":1,"href":"https:\/\/corrientesdetarde.com\/index.php\/wp-json\/wp\/v2\/posts\/223788\/revisions"}],"predecessor-version":[{"id":223797,"href":"https:\/\/corrientesdetarde.com\/index.php\/wp-json\/wp\/v2\/posts\/223788\/revisions\/223797"}],"wp:featuredmedia":[{"embeddable":true,"href":"https:\/\/corrientesdetarde.com\/index.php\/wp-json\/wp\/v2\/media\/223796"}],"wp:attachment":[{"href":"https:\/\/corrientesdetarde.com\/index.php\/wp-json\/wp\/v2\/media?parent=223788"}],"wp:term":[{"taxonomy":"category","embeddable":true,"href":"https:\/\/corrientesdetarde.com\/index.php\/wp-json\/wp\/v2\/categories?post=223788"},{"taxonomy":"post_tag","embeddable":true,"href":"https:\/\/corrientesdetarde.com\/index.php\/wp-json\/wp\/v2\/tags?post=223788"}],"curies":[{"name":"wp","href":"https:\/\/api.w.org\/{rel}","templated":true}]}}