{"id":223831,"date":"2025-08-23T12:29:50","date_gmt":"2025-08-23T15:29:50","guid":{"rendered":"https:\/\/corrientesdetarde.com\/?p=223831"},"modified":"2025-08-23T12:29:54","modified_gmt":"2025-08-23T15:29:54","slug":"pequena-estrella-gran-estilo-ambar-cisneros-con-solo-4-anos-se-intrduce-en-el-mundo-de-la-moda","status":"publish","type":"post","link":"https:\/\/corrientesdetarde.com\/index.php\/cultura\/pequena-estrella-gran-estilo-ambar-cisneros-con-solo-4-anos-se-intrduce-en-el-mundo-de-la-moda\/","title":{"rendered":"Peque\u00f1a estrella, gran estilo: \u00c1mbar Cisneros\u00a0con solo 4 a\u00f1os se intrduce\u00a0en el mundo de la moda"},"content":{"rendered":"\n<p><em><br>\u00c1mbar Cisneros conquista corazones en la pasarela: esta peque\u00f1a estrella de la moda infantil con su estilo puro, demuestra que los sue\u00f1os comienzan desde la infancia.<\/em><\/p>\n\n\n\n<p>Desde temprana edad, \u00c1mbar demostr\u00f3 una fascinaci\u00f3n particular por el mundo que la rodeaba, especialmente en los eventos de moda a los que asist\u00eda con sus padres. Observaba con atenci\u00f3n cada detalle, desde la elegancia de los dise\u00f1os hasta la gracia de las modelos en la pasarela. Esta curiosidad la impuls\u00f3 a participar activamente, explorando su propia creatividad a trav\u00e9s de la imitaci\u00f3n, un proceso de aprendizaje natural en la infancia.<\/p>\n\n\n\n<p>Para \u00c1mbar, la moda no se limita a la ropa; se manifiesta en la paleta de colores que elige, en los accesorios que la complementan y en cada elemento que despierta su imaginaci\u00f3n. Pulseras, collares y aritos se convierten en herramientas para expresar su individualidad y su particular visi\u00f3n del mundo.<\/p>\n\n\n\n<p><strong>Debut en televisi\u00f3n: naturalidad bajo las luces<\/strong><\/p>\n\n\n\n<p>La primera gran oportunidad frente a las c\u00e1maras lleg\u00f3 con su participaci\u00f3n en &#8220;Imagen de Moda&#8221;, el programa conducido por&nbsp;<strong>Andrea Garmendia<\/strong>. Esta experiencia marc\u00f3 el inicio de su incipiente carrera, permiti\u00e9ndole experimentar de primera mano la emoci\u00f3n del maquillaje, el peinado y, por supuesto, el desfile.<\/p>\n\n\n\n<p>El equipo de producci\u00f3n qued\u00f3 impresionado por su desenvoltura natural y su capacidad para conectar con la moda. Lejos de sentirse intimidada, \u00c1mbar disfrut\u00f3 cada momento, demostrando que posee el carisma necesario para triunfar. Su participaci\u00f3n no solo le brind\u00f3 una valiosa experiencia, sino que le abri\u00f3 las puertas a nuevas oportunidades.<\/p>\n\n\n\n<p><strong>El pilar fundamental: una infancia con equilibrio<\/strong><\/p>\n\n\n\n<p>Los padres de \u00c1mbar, conscientes del potencial de su hija, se han dedicado a acompa\u00f1arla en cada paso de este camino. Su filosof\u00eda se basa en un pilar fundamental: equilibrar la diversi\u00f3n con la formaci\u00f3n, asegur\u00e1ndose de que \u00c1mbar siga disfrutando de su infancia mientras participa en estas actividades.<\/p>\n\n\n\n<p>Su enfoque se centra en fomentar la creatividad y la curiosidad de \u00c1mbar, brind\u00e1ndole las herramientas necesarias para que pueda desarrollar plenamente su personalidad. No se trata de imponerle un futuro predefinido, sino de apoyarla en la b\u00fasqueda de su propia pasi\u00f3n para que alcance sus sue\u00f1os.<\/p>\n\n\n\n<p><strong>Del juego a la profesi\u00f3n: una agenda internacional<\/strong><\/p>\n\n\n\n<p>Lo que comenz\u00f3 como un juego se est\u00e1 transformando en una prometedora carrera profesional. La agenda de \u00c1mbar es prueba de ello, con participaciones continuas en &#8220;Imagen de Moda&#8221; los domingos a las 20 hs. y su incursi\u00f3n en circuitos de alto prestigio. Entre sus pr\u00f3ximos compromisos destacan el Fashion Week Argentina (28 de agosto), el Fashion Week La Puglia en Italia (del 6 al 10 de septiembre) y el Milano Fashion Week en febrero de 2026.<\/p>\n\n\n\n<p><strong>El futuro: sue\u00f1os por conquistar<\/strong><\/p>\n\n\n\n<p>El ma\u00f1ana de \u00c1mbar Cisneros est\u00e1 cimentado en el apoyo incondicional de su familia. Su participaci\u00f3n en eventos de renombre como la Fashion Week de Mil\u00e1n podr\u00eda brindarle la visibilidad necesaria para consolidarse como una modelo influyente de su generaci\u00f3n.<\/p>\n\n\n\n<p>Sin embargo, m\u00e1s all\u00e1 de los desfiles y los focos, la prioridad siempre ser\u00e1 la misma: que \u00c1mbar siga disfrutando de su infancia y se convierta en una persona feliz y realizada. Su historia es un poderoso recordatorio de que la edad no es un l\u00edmite para perseguir sue\u00f1os y que, con pasi\u00f3n y apoyo, es posible alcanzar metas inimaginables.<\/p>\n","protected":false},"excerpt":{"rendered":"<p>\u00c1mbar Cisneros conquista corazones en la pasarela: esta peque\u00f1a estrella de la moda infantil con su estilo puro, demuestra que los sue\u00f1os comienzan desde la infancia. Desde temprana edad, \u00c1mbar&hellip; <\/p>\n","protected":false},"author":11,"featured_media":223832,"comment_status":"closed","ping_status":"open","sticky":false,"template":"","format":"standard","meta":{"footnotes":""},"categories":[15,1208],"tags":[],"class_list":["post-223831","post","type-post","status-publish","format-standard","has-post-thumbnail","hentry","category-cultura","category-eventossociedad"],"_links":{"self":[{"href":"https:\/\/corrientesdetarde.com\/index.php\/wp-json\/wp\/v2\/posts\/223831","targetHints":{"allow":["GET"]}}],"collection":[{"href":"https:\/\/corrientesdetarde.com\/index.php\/wp-json\/wp\/v2\/posts"}],"about":[{"href":"https:\/\/corrientesdetarde.com\/index.php\/wp-json\/wp\/v2\/types\/post"}],"author":[{"embeddable":true,"href":"https:\/\/corrientesdetarde.com\/index.php\/wp-json\/wp\/v2\/users\/11"}],"replies":[{"embeddable":true,"href":"https:\/\/corrientesdetarde.com\/index.php\/wp-json\/wp\/v2\/comments?post=223831"}],"version-history":[{"count":1,"href":"https:\/\/corrientesdetarde.com\/index.php\/wp-json\/wp\/v2\/posts\/223831\/revisions"}],"predecessor-version":[{"id":223833,"href":"https:\/\/corrientesdetarde.com\/index.php\/wp-json\/wp\/v2\/posts\/223831\/revisions\/223833"}],"wp:featuredmedia":[{"embeddable":true,"href":"https:\/\/corrientesdetarde.com\/index.php\/wp-json\/wp\/v2\/media\/223832"}],"wp:attachment":[{"href":"https:\/\/corrientesdetarde.com\/index.php\/wp-json\/wp\/v2\/media?parent=223831"}],"wp:term":[{"taxonomy":"category","embeddable":true,"href":"https:\/\/corrientesdetarde.com\/index.php\/wp-json\/wp\/v2\/categories?post=223831"},{"taxonomy":"post_tag","embeddable":true,"href":"https:\/\/corrientesdetarde.com\/index.php\/wp-json\/wp\/v2\/tags?post=223831"}],"curies":[{"name":"wp","href":"https:\/\/api.w.org\/{rel}","templated":true}]}}