{"id":223857,"date":"2025-08-24T09:06:50","date_gmt":"2025-08-24T12:06:50","guid":{"rendered":"https:\/\/corrientesdetarde.com\/?p=223857"},"modified":"2025-08-24T09:07:01","modified_gmt":"2025-08-24T12:07:01","slug":"polich-intensifica-encuentros-con-vecinos-y-dirigentes-de-distintos-sectores-de-la-ciudad","status":"publish","type":"post","link":"https:\/\/corrientesdetarde.com\/index.php\/actualidad\/polich-intensifica-encuentros-con-vecinos-y-dirigentes-de-distintos-sectores-de-la-ciudad\/","title":{"rendered":"Polich intensifica encuentros con vecinos y dirigentes de distintos sectores de la ciudad"},"content":{"rendered":"\n<p>El candidato a intendente por la alianza Vamos Corrientes, Claudio Polich, mantuvo encuentros con vecinos y referentes de diversos \u00e1mbitos sociales y comunitarios, en el marco de su agenda de campa\u00f1a.<\/p>\n\n\n\n<p><\/p>\n\n\n\n<p>Durante las reuniones, como la realizada en la Asociaci\u00f3n de Sordomudos de Corrientes en el barrio Independencia, se dialog\u00f3 sobre las principales inquietudes que atraviesan los barrios, adem\u00e1s de compartir propuestas concretas para seguir mejorando la calidad de vida en la ciudad.&nbsp;<\/p>\n\n\n\n<p>\u201cEscuchar a la gente y trabajar en equipo es la base de nuestra propuesta. Con el acompa\u00f1amiento de todos, vamos a seguir construyendo una Corrientes con m\u00e1s oportunidades\u201d, expres\u00f3 Polich.<\/p>\n\n\n\n<p>Por su parte, los participantes manifestaron su apoyo al proyecto de la alianza, destacando la importancia de continuar trabajando unidos para afianzar el v\u00ednculo Municipio-Provincia, de cara a las elecciones del pr\u00f3ximo 31 de agosto.<\/p>\n","protected":false},"excerpt":{"rendered":"<p>El candidato a intendente por la alianza Vamos Corrientes, Claudio Polich, mantuvo encuentros con vecinos y referentes de diversos \u00e1mbitos sociales y comunitarios, en el marco de su agenda de&hellip; <\/p>\n","protected":false},"author":1,"featured_media":223865,"comment_status":"closed","ping_status":"open","sticky":false,"template":"","format":"standard","meta":{"footnotes":""},"categories":[23],"tags":[],"class_list":["post-223857","post","type-post","status-publish","format-standard","has-post-thumbnail","hentry","category-actualidad"],"_links":{"self":[{"href":"https:\/\/corrientesdetarde.com\/index.php\/wp-json\/wp\/v2\/posts\/223857","targetHints":{"allow":["GET"]}}],"collection":[{"href":"https:\/\/corrientesdetarde.com\/index.php\/wp-json\/wp\/v2\/posts"}],"about":[{"href":"https:\/\/corrientesdetarde.com\/index.php\/wp-json\/wp\/v2\/types\/post"}],"author":[{"embeddable":true,"href":"https:\/\/corrientesdetarde.com\/index.php\/wp-json\/wp\/v2\/users\/1"}],"replies":[{"embeddable":true,"href":"https:\/\/corrientesdetarde.com\/index.php\/wp-json\/wp\/v2\/comments?post=223857"}],"version-history":[{"count":1,"href":"https:\/\/corrientesdetarde.com\/index.php\/wp-json\/wp\/v2\/posts\/223857\/revisions"}],"predecessor-version":[{"id":223868,"href":"https:\/\/corrientesdetarde.com\/index.php\/wp-json\/wp\/v2\/posts\/223857\/revisions\/223868"}],"wp:featuredmedia":[{"embeddable":true,"href":"https:\/\/corrientesdetarde.com\/index.php\/wp-json\/wp\/v2\/media\/223865"}],"wp:attachment":[{"href":"https:\/\/corrientesdetarde.com\/index.php\/wp-json\/wp\/v2\/media?parent=223857"}],"wp:term":[{"taxonomy":"category","embeddable":true,"href":"https:\/\/corrientesdetarde.com\/index.php\/wp-json\/wp\/v2\/categories?post=223857"},{"taxonomy":"post_tag","embeddable":true,"href":"https:\/\/corrientesdetarde.com\/index.php\/wp-json\/wp\/v2\/tags?post=223857"}],"curies":[{"name":"wp","href":"https:\/\/api.w.org\/{rel}","templated":true}]}}