{"id":223858,"date":"2025-08-24T09:05:24","date_gmt":"2025-08-24T12:05:24","guid":{"rendered":"https:\/\/corrientesdetarde.com\/?p=223858"},"modified":"2025-08-24T09:05:28","modified_gmt":"2025-08-24T12:05:28","slug":"juan-pablo-valdes-vamos-corrientes-es-el-unico-que-ofrece-futuro","status":"publish","type":"post","link":"https:\/\/corrientesdetarde.com\/index.php\/destacados\/juan-pablo-valdes-vamos-corrientes-es-el-unico-que-ofrece-futuro\/","title":{"rendered":"Juan Pablo Vald\u00e9s: &#8220;Vamos Corrientes es el \u00fanico que ofrece futuro&#8221;"},"content":{"rendered":"\n<p>El candidato a gobernador Juan Pablo Vald\u00e9s encabez\u00f3 este s\u00e1bado un acto de campa\u00f1a en la ciudad de San Luis del Palmar, brindando un claro apoyo a la f\u00f3rmula local por la intendencia, compuesta por Reni Buj\u00e1n y Mar\u00eda Victoria Navarro, con quienes asegur\u00f3 que trabajar\u00e1 &#8220;codo a codo&#8221; para construir viviendas, asfalto, comisar\u00edas, escuelas y el ensanche de la RP 5, completamente y con iluminaci\u00f3n, desde la flamante Autov\u00eda 5, construida por el Gobierno provincial, hasta el ingreso al ejido urbano de la localidad. Y plante\u00f3 la necesidad de que la provincia &#8220;vaya hacia el futuro&#8221;, asegurando que &#8220;el \u00fanico espacio que puede ofrecerlo es Vamos Corrientes&#8221;.<\/p>\n\n\n\n<p><\/p>\n\n\n\n<figure class=\"wp-block-image size-full\"><img loading=\"lazy\" decoding=\"async\" width=\"939\" height=\"524\" src=\"https:\/\/corrientesdetarde.com\/wp-content\/uploads\/2025\/08\/image-944.png\" alt=\"\" class=\"wp-image-223862\" srcset=\"https:\/\/corrientesdetarde.com\/wp-content\/uploads\/2025\/08\/image-944.png 939w, https:\/\/corrientesdetarde.com\/wp-content\/uploads\/2025\/08\/image-944-300x167.png 300w, https:\/\/corrientesdetarde.com\/wp-content\/uploads\/2025\/08\/image-944-768x429.png 768w\" sizes=\"auto, (max-width: 939px) 100vw, 939px\" \/><\/figure>\n\n\n\n<p><\/p>\n\n\n\n<p>Al cerrar los discursos de la noche, el candidato a gobernador dijo que &#8220;la gesti\u00f3n de Gustavo Vald\u00e9s con todo el equipo legislativo de Vamos Corrientes nos dej\u00f3 una gran base, una transformaci\u00f3n de la provincia, y supo superar las adversidades de la pandemia, las inundaciones y los incendios, por eso la gente conf\u00eda en nosotros, porque en esas situaciones dif\u00edciles, estuvimos para cada vecino, cada productor y en definitiva, para el mill\u00f3n doscientos mil correntinos que somos. Eso es Vamos Corrientes, es una fuerza que trabaja, no se esconde y se pone la provincia al hombro&#8221;.<\/p>\n\n\n\n<p>Luego, se\u00f1al\u00f3 que &#8220;con sus tres ejes de desarrollo, modernizaci\u00f3n e inclusi\u00f3n brindamos muchas respuestas concretas a un plan estrat\u00e9gico participativo que se llama Corrientes 2030, elaborado a partir de propuestas de muy diversos sectores de la sociedad correntina. Y as\u00ed hicimos muchas obras de infraestructura viales, educativas, de salud, de conectividad con fibra \u00f3ptica, como as\u00ed tambi\u00e9n generamos turismo con nuestra cultura e identidad, con nuestro chamam\u00e9 y nuestro carnaval. Y en materia de inclusi\u00f3n logramos las leyes de paridad de g\u00e9nero y voto joven, pero tambi\u00e9n les dimos una computadora a cada alumno para generar igualdad educativa&#8221;.<\/p>\n\n\n\n<p>Y continu\u00f3: &#8220;Este es el \u00fanico proyecto que tiene futuro con desarrollo y transformaci\u00f3n para la provincia de Corrientes, pero no nos conformamos con eso, vamos por m\u00e1s con nuevas propuestas, mientras los dem\u00e1s solo se dedicaron a calumniar. Y a esos tres ejes los vamos a reforzar con cuatro propuestas claras: cuidar el dinero de todos los correntinos, administrando responsablemente las finanzas p\u00fablicas, sin endeudarnos, con impuestos bajos, con equilibrio fiscal, con super\u00e1vit y como en estos siete a\u00f1os y medio, pagando los sueldos en tiempo y en forma&#8221;.<\/p>\n\n\n\n<p>Prosigui\u00f3 enumerando: &#8220;Vamos a seguir modernizando la provincia, aprovechando la red de fibra \u00f3ptica que nos deja TelCo con m\u00e1s de 2.300 kil\u00f3metros de tendido, generando m\u00e1s educaci\u00f3n digital, tr\u00e1mites digitales simplificados y telemedicina. Y por supuesto que vamos a seguir haciendo las obras que nos faltan para seguir viviendo&nbsp;mejor: hospitales, rutas, escuelas, comisar\u00edas y en San Luis del Palmar vamos a trabajar codo a codo con Reni Buj\u00e1n, con todo esto. Vamos a seguir trabajando en la conectividad con Capital, ampliando la Autov\u00eda, ensanchando e iluminando toda la Ruta Provincial 5 hasta el ingreso a San Luis del Palmar. Tambi\u00e9n vamos a realizar viviendas O\u00f1ondiv\u00e9, una nueva escuela y obviamente tambi\u00e9n en seguridad, con m\u00e1s comisar\u00edas, pero para eso necesitamos la mayor cantidad de diputados para que aprueben la ley de narcomenudeo y desde la Polic\u00eda de Corrientes podamos contribuir en luchar contra el narcotr\u00e1fico con m\u00e1s fuerza. Y por eso necesitamos legisladores comprometidos en esta lucha y esos hombres y mujeres est\u00e1n en Vamos Corrientes&#8221;.<\/p>\n\n\n\n<p>&#8220;Y como cuarto punto: vamos a trabajar incansablemente con el sector privado y las universidades para darle valor agregado a toda la materia prima que tenemos en Corrientes: forestaci\u00f3n, arroz, ganader\u00eda, yerba mate, nuez pec\u00e1n, c\u00edtricos y como si esto fuera poco, tenemos nuestros r\u00edos, esteros del Iber\u00e1 y nuestra cultura para que a cada correntino le llegue la oportunidad de poder ganarse la vida de manera honrada&#8221;, termin\u00f3 de detallar Juan Pablo Vald\u00e9s.<\/p>\n\n\n\n<p>Y concluy\u00f3: &#8220;Vamos a trabajar para que la provincia no vuelva al pasado, tenemos que trabajar para que Corrientes vaya hacia el futuro y el \u00fanico espacio que puede ofrecerlo es Vamos Corrientes. Por eso pido un \u00faltimo esfuerzo, que salgan a recorrer casa por casa, hablemos con nuestros vecinos, familiares y amigos para decirles que el 31 hay que ir a votar para no dejar en manos del azar el destino de esta provincia, que nosotros tenemos el equipo, la experiencia, el plan y que apuesten por nosotros para que podamos trabajar todos juntos por el maravilloso futuro que le espera a la provincia con Vamos Corrientes&#8221;.<\/p>\n\n\n\n<p>Antes fueron oradores en este acto, los candidatos: a senador provincial Gustavo Vald\u00e9s, a intendente Reni Buj\u00e1n, a vicegobernador Pedro Braillard Poccard, a diputado nacional Di\u00f3genes Gonz\u00e1lez, a viceintendente Victoria navarro, a senadoras provinciales Silvia Galarza e Ingrid Jetter, a diputado provincial Eduardo Tassano, y a concejales Marta L\u00f3pez, Nicol\u00e1s Alcar\u00e1z y Liliana Zacar\u00edas. En el escenario tambi\u00e9n acompa\u00f1aron en la ocasi\u00f3n otros dirigentes de Vamos Corrientes, entre candidatos, funcionarios, intendentes y legisladores, quienes recibieron el apoyo de un nutrido grupo de simpatizantes y vecinos.<\/p>\n","protected":false},"excerpt":{"rendered":"<p>El candidato a gobernador Juan Pablo Vald\u00e9s encabez\u00f3 este s\u00e1bado un acto de campa\u00f1a en la ciudad de San Luis del Palmar, brindando un claro apoyo a la f\u00f3rmula local&hellip; <\/p>\n","protected":false},"author":1,"featured_media":223863,"comment_status":"closed","ping_status":"open","sticky":false,"template":"","format":"standard","meta":{"footnotes":""},"categories":[26],"tags":[],"class_list":["post-223858","post","type-post","status-publish","format-standard","has-post-thumbnail","hentry","category-destacados"],"_links":{"self":[{"href":"https:\/\/corrientesdetarde.com\/index.php\/wp-json\/wp\/v2\/posts\/223858","targetHints":{"allow":["GET"]}}],"collection":[{"href":"https:\/\/corrientesdetarde.com\/index.php\/wp-json\/wp\/v2\/posts"}],"about":[{"href":"https:\/\/corrientesdetarde.com\/index.php\/wp-json\/wp\/v2\/types\/post"}],"author":[{"embeddable":true,"href":"https:\/\/corrientesdetarde.com\/index.php\/wp-json\/wp\/v2\/users\/1"}],"replies":[{"embeddable":true,"href":"https:\/\/corrientesdetarde.com\/index.php\/wp-json\/wp\/v2\/comments?post=223858"}],"version-history":[{"count":1,"href":"https:\/\/corrientesdetarde.com\/index.php\/wp-json\/wp\/v2\/posts\/223858\/revisions"}],"predecessor-version":[{"id":223864,"href":"https:\/\/corrientesdetarde.com\/index.php\/wp-json\/wp\/v2\/posts\/223858\/revisions\/223864"}],"wp:featuredmedia":[{"embeddable":true,"href":"https:\/\/corrientesdetarde.com\/index.php\/wp-json\/wp\/v2\/media\/223863"}],"wp:attachment":[{"href":"https:\/\/corrientesdetarde.com\/index.php\/wp-json\/wp\/v2\/media?parent=223858"}],"wp:term":[{"taxonomy":"category","embeddable":true,"href":"https:\/\/corrientesdetarde.com\/index.php\/wp-json\/wp\/v2\/categories?post=223858"},{"taxonomy":"post_tag","embeddable":true,"href":"https:\/\/corrientesdetarde.com\/index.php\/wp-json\/wp\/v2\/tags?post=223858"}],"curies":[{"name":"wp","href":"https:\/\/api.w.org\/{rel}","templated":true}]}}