{"id":223866,"date":"2025-08-24T09:09:29","date_gmt":"2025-08-24T12:09:29","guid":{"rendered":"https:\/\/corrientesdetarde.com\/?p=223866"},"modified":"2025-08-24T09:09:41","modified_gmt":"2025-08-24T12:09:41","slug":"museo-inmersivo-en-la-unidad-viaje-sensorial-por-la-historia-y-la-naturaleza-correntina","status":"publish","type":"post","link":"https:\/\/corrientesdetarde.com\/index.php\/informacion-general\/museo-inmersivo-en-la-unidad-viaje-sensorial-por-la-historia-y-la-naturaleza-correntina\/","title":{"rendered":"Museo inmersivo en La Unidad: viaje sensorial por la historia y la naturaleza correntina"},"content":{"rendered":"\n<p>En el pan\u00f3ptico de&nbsp;<strong>La Unidad<\/strong>&nbsp;donde antes hab\u00eda celdas que albergaban los presos m\u00e1s temidos de Corrientes, ahora se transforma en un museo que&nbsp;<strong>invita a viajar por distintos universos<\/strong>. Cada puerta lleva a un viaje sensorial donde cada sala guarda un universo distinto. Historia, naturaleza, leyendas y tecnolog\u00eda se entrelazan en un recorrido que promete transformar la manera en que los correntinos \u2014y quienes visiten la provincia\u2014 se acercan a su identidad cultural.<\/p>\n\n\n\n<p>Aunque todav\u00eda no se puede recorrer de manera oficial,\u00a0se accedi\u00f3 en exclusiva a una visita guiada que anticipa c\u00f3mo ser\u00e1 la experiencia cuando finalmente se abra al p\u00fablico.<\/p>\n\n\n<div class=\"wp-block-image\">\n<figure class=\"aligncenter\"><img decoding=\"async\" src=\"https:\/\/pxcdn.ellitoral.com.ar\/litoral\/082025\/1756003562463.jpeg?cw=446\" alt=\"Museo inmersivo en La Unidad: viaje sensorial por la historia y la naturaleza correntina\" title=\"Museo inmersivo en La Unidad: viaje sensorial por la historia y la naturaleza correntina-\"\/><\/figure>\n<\/div>\n\n\n<p>El recorrido propone atravesar puertas que no llevan a pasillos grises de encierro, sino a paisajes vivos y memorias intensas. La primera parada es un&nbsp;<strong>museo interactivo<\/strong>&nbsp;donde los visitantes, con&nbsp;<strong>gafas especiales<\/strong>, podr\u00e1n sentirse en medio del&nbsp;<strong>Iber\u00e1<\/strong>. All\u00ed, la flora y la fauna del humedal m\u00e1s importante del mundo se revelan en todo su esplendor, acompa\u00f1adas por un repaso hist\u00f3rico de su valor ambiental.<img decoding=\"async\" alt=\"Museo inmersivo en La Unidad: viaje sensorial por la historia y la naturaleza correntina\" src=\"https:\/\/pxcdn.ellitoral.com.ar\/litoral\/082025\/1756002761564.jpg?cw=807\"><\/p>\n\n\n\n<p>El espectador puede conocer las profundidades del Paran\u00e1.<\/p>\n\n\n\n<p>En otra sala, el visitante se sumerge en una&nbsp;<strong>pecera gigante<\/strong>, las paredes reproducen el&nbsp;<strong>r\u00edo Paran\u00e1<\/strong>&nbsp;y su biodiversidad. Surub\u00edes, pat\u00edes, dorados, s\u00e1balos y manguruy\u00fa nadan a cent\u00edmetros de los ojos, mientras un mensaje late con fuerza sobre la importancia de preservar este ecosistema \u00fanico. La idea es que en un futuro las escuelas recorran este espacio para \u201cjugar bajo el agua\u201d.<\/p>\n\n\n<div class=\"wp-block-image\">\n<figure class=\"aligncenter\"><img decoding=\"async\" src=\"https:\/\/pxcdn.ellitoral.com.ar\/litoral\/082025\/1756003237156.jpeg?cw=446\" alt=\"Museo inmersivo en La Unidad: viaje sensorial por la historia y la naturaleza correntina\" title=\"Museo inmersivo en La Unidad: viaje sensorial por la historia y la naturaleza correntina-\"\/><\/figure>\n<\/div>\n\n\n<p>El salto en el tiempo llega con las antiguas celdas. All\u00ed se revive la memoria de presos c\u00e9lebres como&nbsp;<strong>Mate Cosido<\/strong>&nbsp;o el&nbsp;<strong>\u201cGaucho Lega\u201d Olegario \u00c1lvarez<\/strong>, cuatrero de Saladas encarcelado por homicidio. A su lado, se exponen huellas de la fe carcelaria, estampas y figuras de santos que acompa\u00f1aron a los penitenciarios en largos a\u00f1os.<\/p>\n\n\n\n<figure class=\"wp-block-image\"><img decoding=\"async\" src=\"https:\/\/pxcdn.ellitoral.com.ar\/litoral\/082025\/1756003104769.jpg?cw=807\" alt=\"Museo inmersivo en La Unidad: viaje sensorial por la historia y la naturaleza correntina\" title=\"Museo inmersivo en La Unidad: viaje sensorial por la historia y la naturaleza correntina-\"\/><\/figure>\n\n\n\n<h3 class=\"wp-block-heading\">Un viaje entre historia, tecnolog\u00eda y leyendas<\/h3>\n\n\n\n<p>La adrenalina aparece en la&nbsp;<strong>sala de escape<\/strong>. Las paredes esconden pistas que gu\u00edan a los jugadores hasta un cofre final, mientras la tecnolog\u00eda convierte el entretenimiento en parte de la historia. A unos pasos, las pantallas gigantes transportan a&nbsp;<strong>videojuegos<\/strong>&nbsp;donde se pueden construir el&nbsp;<strong>puente General Manuel Belgrano<\/strong>&nbsp;y hasta desafiar la&nbsp;<strong>represa de Yacyret\u00e1<\/strong>.<\/p>\n\n\n<div class=\"wp-block-image\">\n<figure class=\"aligncenter\"><img decoding=\"async\" src=\"https:\/\/pxcdn.ellitoral.com.ar\/litoral\/082025\/1756003238548.jpeg?cw=446\" alt=\"Museo inmersivo en La Unidad: viaje sensorial por la historia y la naturaleza correntina\" title=\"Museo inmersivo en La Unidad: viaje sensorial por la historia y la naturaleza correntina-\"\/><\/figure>\n<\/div>\n\n\n<p>En otra de las salas, un&nbsp;<strong>holograma 3D<\/strong>&nbsp;sorprende a los visitantes con la voz de un correntino que relata la historia del&nbsp;<strong>Karai de Octubre<\/strong>, una de las leyendas m\u00e1s arraigadas en la cultura guaran\u00ed. Los personajes aparecen frente a los ojos como si cobraran vida y el espacio se ambienta con sonidos y aromas del monte, recreando la experiencia de estar a la vera del Paran\u00e1, donde la tradici\u00f3n oral se transforma en una vivencia sensorial.<\/p>\n\n\n\n<figure class=\"wp-block-image\"><img decoding=\"async\" src=\"https:\/\/pxcdn.ellitoral.com.ar\/litoral\/082025\/1756002619985.jpg?cw=807\" alt=\"Museo inmersivo en La Unidad: viaje sensorial por la historia y la naturaleza correntina\" title=\"Museo inmersivo en La Unidad: viaje sensorial por la historia y la naturaleza correntina-\"\/><\/figure>\n\n\n\n<p>El tramo final es un&nbsp;<strong>mural vivo<\/strong>, la historia de Corrientes proyectada en las paredes. Desde su creaci\u00f3n, pasando por las guerras que enfrentaron los gauchos correntinos, hasta la figura de&nbsp;<strong>San Mart\u00edn<\/strong>&nbsp;y la naturaleza que moldea la identidad provincial, cada imagen envuelve al visitante en un relato \u00e9pico y emotivo.<\/p>\n\n\n<div class=\"wp-block-image\">\n<figure class=\"aligncenter\"><img decoding=\"async\" src=\"https:\/\/pxcdn.ellitoral.com.ar\/litoral\/082025\/1756003235637.jpeg?cw=446\" alt=\"Museo inmersivo en La Unidad: viaje sensorial por la historia y la naturaleza correntina\" title=\"Museo inmersivo en La Unidad: viaje sensorial por la historia y la naturaleza correntina-\"\/><\/figure>\n<\/div>\n\n\n<p>El&nbsp;<strong>Pan\u00f3ptico<\/strong>&nbsp;deja de ser s\u00edmbolo de encierro para convertirse en un faro cultural. Muy pronto, cada puerta abrir\u00e1 a un universo distinto de Corrientes, listo para ser explorado.<\/p>\n","protected":false},"excerpt":{"rendered":"<p>En el pan\u00f3ptico de&nbsp;La Unidad&nbsp;donde antes hab\u00eda celdas que albergaban los presos m\u00e1s temidos de Corrientes, ahora se transforma en un museo que&nbsp;invita a viajar por distintos universos. Cada puerta&hellip; <\/p>\n","protected":false},"author":1,"featured_media":223870,"comment_status":"closed","ping_status":"open","sticky":false,"template":"","format":"standard","meta":{"footnotes":""},"categories":[1],"tags":[],"class_list":["post-223866","post","type-post","status-publish","format-standard","has-post-thumbnail","hentry","category-informacion-general"],"_links":{"self":[{"href":"https:\/\/corrientesdetarde.com\/index.php\/wp-json\/wp\/v2\/posts\/223866","targetHints":{"allow":["GET"]}}],"collection":[{"href":"https:\/\/corrientesdetarde.com\/index.php\/wp-json\/wp\/v2\/posts"}],"about":[{"href":"https:\/\/corrientesdetarde.com\/index.php\/wp-json\/wp\/v2\/types\/post"}],"author":[{"embeddable":true,"href":"https:\/\/corrientesdetarde.com\/index.php\/wp-json\/wp\/v2\/users\/1"}],"replies":[{"embeddable":true,"href":"https:\/\/corrientesdetarde.com\/index.php\/wp-json\/wp\/v2\/comments?post=223866"}],"version-history":[{"count":1,"href":"https:\/\/corrientesdetarde.com\/index.php\/wp-json\/wp\/v2\/posts\/223866\/revisions"}],"predecessor-version":[{"id":223874,"href":"https:\/\/corrientesdetarde.com\/index.php\/wp-json\/wp\/v2\/posts\/223866\/revisions\/223874"}],"wp:featuredmedia":[{"embeddable":true,"href":"https:\/\/corrientesdetarde.com\/index.php\/wp-json\/wp\/v2\/media\/223870"}],"wp:attachment":[{"href":"https:\/\/corrientesdetarde.com\/index.php\/wp-json\/wp\/v2\/media?parent=223866"}],"wp:term":[{"taxonomy":"category","embeddable":true,"href":"https:\/\/corrientesdetarde.com\/index.php\/wp-json\/wp\/v2\/categories?post=223866"},{"taxonomy":"post_tag","embeddable":true,"href":"https:\/\/corrientesdetarde.com\/index.php\/wp-json\/wp\/v2\/tags?post=223866"}],"curies":[{"name":"wp","href":"https:\/\/api.w.org\/{rel}","templated":true}]}}