{"id":22388,"date":"2022-11-24T10:26:09","date_gmt":"2022-11-24T13:26:09","guid":{"rendered":"https:\/\/corrientesdetarde.com\/?p=22388"},"modified":"2022-11-24T10:26:12","modified_gmt":"2022-11-24T13:26:12","slug":"el-ultimo-mundial-de-cristiano-debuta-portugal-ante-ghana","status":"publish","type":"post","link":"https:\/\/corrientesdetarde.com\/index.php\/deportes\/el-ultimo-mundial-de-cristiano-debuta-portugal-ante-ghana\/","title":{"rendered":"El \u00faltimo Mundial de Cristiano: debuta Portugal ante Ghana"},"content":{"rendered":"\n<p>El partido entre el equipo luso y el conjunto africano, por el grupo H,\u00a0 comenzar\u00e1 a las 13.00 (hora argentina), en el estadio 974 y con transmisi\u00f3n de TyC Sports.<\/p>\n\n\n\n<p>El seleccionado de Portugal debuta este jueves frente a Ghana, en lo que ser\u00e1 el \u00faltimo Mundial de Cristiano Ronaldo, en un partido correspondiente a la fecha inicial del grupo H de Qatar 2022.<\/p>\n\n\n\n<p>El encuentro comenzar\u00e1 a las 13.00 (hora argentina), en el estadio 974 y con transmisi\u00f3n de TyC Sports.<\/p>\n\n\n\n<p>Cristiano Ronaldo anunci\u00f3 hace unos meses en una rueda de prensa que Qatar ser\u00eda su &#8220;\u00faltimo Mundial&#8221; y hace apenas una semana reafirm\u00f3 su idea aunque apost\u00f3: &#8220;Si somos campeones del mundo, me retiro&#8221;.<\/p>\n\n\n\n<p>Estas palabras, m\u00e1s los dardos tirados a Manchester United -el club ingl\u00e9s rescindi\u00f3 su contrato ayer- por la falta de minutos, generaron un ambiente pesado en la semana previa al debut pero todo se despej\u00f3 en el amistoso de despedida cuando Portugal, sin \u00e9l por una gastroenteritis, gole\u00f3 a Nigeria por 4 a 0 en Lisboa.<\/p>\n\n\n\n<p>El ex Real Madrid, m\u00e1ximo goleador de selecciones con un total de 117 goles en 191 partidos, competir\u00e1 en su quinto Mundial -el sexto consecutivo de Portugal y el octavo de su historia- y su mejor actuaci\u00f3n colectiva fue en Alemania 2006, cuando finaliz\u00f3 cuarto.<\/p>\n\n\n\n<p>Luego, nunca pas\u00f3 de octavos de final.<\/p>\n\n\n\n<p>El conjunto luso lleg\u00f3 al Mundial tras dejar en el camino a Turqu\u00eda y a Macedonia del Norte en la fase de repechaje al quedar segundo en su zona, por detr\u00e1s de Serbia.<\/p>\n\n\n\n<p>Por su parte, Ghana sumar\u00e1 su cuarta participaci\u00f3n desde su inicio mundialista en Alemania 2006 y tras una ausencia de ocho a\u00f1os.<\/p>\n\n\n\n<p>La mejor labor se dio en Sud\u00e1frica 2010, donde qued\u00f3 eliminado a manos de Uruguay por penales, con la recordada ejecuci\u00f3n del &#8220;Loco&#8221; Sebasti\u00e1n Abreu.<\/p>\n\n\n\n<p>La principal figura de Ghana es Thomas Partey, el actual hombre del Arsenal (Inglaterra), por el que pagaron 50 millones de euros a mediados del 2020 cuando vest\u00eda los colores de Atl\u00e9tico de Madrid.<\/p>\n\n\n\n<p>Parley hizo el tanto de la clasificaci\u00f3n mundialista, que no fue nada sencilla: debi\u00f3 dejar en el camino a Nigeria, con el que empat\u00f3 sin goles en casa y por 1-1 de visitante, lo que le dio el boleto por el desempate del tanto en dicha condici\u00f3n.<\/p>\n\n\n\n<p>El \u00fanico enfrentamiento previo entre Portugal y Ghana fue en la fase de grupos de la Copa Mundial de la FIFA 2014. Portugal gan\u00f3 2-1, con un gol ganador de Cristiano Ronaldo.<\/p>\n\n\n\n<h2 class=\"wp-block-heading\">La probable formaci\u00f3n de Portugal vs. Ghana, por el Mundial de Qatar 2022<\/h2>\n\n\n\n<p>Diogo Costa; Joao Cancelo, Pepe, Ruben Dias, Nuno Mendes; William Carvalho, Ruben Neves, Bruno Fernandes; Cristiano Ronaldo, Bernardo Silva, Rafael Le\u00e3o. DT: Fernando Santos.<\/p>\n\n\n\n<h2 class=\"wp-block-heading\">La probable formaci\u00f3n de Ghana vs. Portugal, por el Mundial de Qatar 2022<\/h2>\n\n\n\n<p>Joseph Wollacott; Denis Odoi, Daniel Amartey, Alexander Djiku, Gideon Mensah; Thomas Partey, Iddrisu Bada, Mohammed Kudus, Jordan Pierre Ayew; Issahaku Fatawu y Felix Afena-Gyan. DT: Otto Addo.<\/p>\n\n\n\n<h2 class=\"wp-block-heading\">Los datos de Portugal vs. Ghana, por el Mundial de Qatar 2022: hora y TV en vivo<\/h2>\n\n\n\n<ul class=\"wp-block-list\"><li><strong>Hora: 13.00<\/strong><\/li><li><strong>TV: TyC Sports y DirecTV Sports<\/strong><\/li><li>Estadio: 974<\/li><li>\u00c1rbitro: Ismail Elfath<\/li><\/ul>\n\n\n\n<h3 class=\"wp-block-heading\">Temas en esta nota<\/h3>\n","protected":false},"excerpt":{"rendered":"<p>El partido entre el equipo luso y el conjunto africano, por el grupo H,\u00a0 comenzar\u00e1 a las 13.00 (hora argentina), en el estadio 974 y con transmisi\u00f3n de TyC Sports.&hellip; <\/p>\n","protected":false},"author":4,"featured_media":22389,"comment_status":"closed","ping_status":"open","sticky":false,"template":"","format":"standard","meta":{"footnotes":""},"categories":[4],"tags":[],"class_list":["post-22388","post","type-post","status-publish","format-standard","has-post-thumbnail","hentry","category-deportes"],"_links":{"self":[{"href":"https:\/\/corrientesdetarde.com\/index.php\/wp-json\/wp\/v2\/posts\/22388","targetHints":{"allow":["GET"]}}],"collection":[{"href":"https:\/\/corrientesdetarde.com\/index.php\/wp-json\/wp\/v2\/posts"}],"about":[{"href":"https:\/\/corrientesdetarde.com\/index.php\/wp-json\/wp\/v2\/types\/post"}],"author":[{"embeddable":true,"href":"https:\/\/corrientesdetarde.com\/index.php\/wp-json\/wp\/v2\/users\/4"}],"replies":[{"embeddable":true,"href":"https:\/\/corrientesdetarde.com\/index.php\/wp-json\/wp\/v2\/comments?post=22388"}],"version-history":[{"count":1,"href":"https:\/\/corrientesdetarde.com\/index.php\/wp-json\/wp\/v2\/posts\/22388\/revisions"}],"predecessor-version":[{"id":22390,"href":"https:\/\/corrientesdetarde.com\/index.php\/wp-json\/wp\/v2\/posts\/22388\/revisions\/22390"}],"wp:featuredmedia":[{"embeddable":true,"href":"https:\/\/corrientesdetarde.com\/index.php\/wp-json\/wp\/v2\/media\/22389"}],"wp:attachment":[{"href":"https:\/\/corrientesdetarde.com\/index.php\/wp-json\/wp\/v2\/media?parent=22388"}],"wp:term":[{"taxonomy":"category","embeddable":true,"href":"https:\/\/corrientesdetarde.com\/index.php\/wp-json\/wp\/v2\/categories?post=22388"},{"taxonomy":"post_tag","embeddable":true,"href":"https:\/\/corrientesdetarde.com\/index.php\/wp-json\/wp\/v2\/tags?post=22388"}],"curies":[{"name":"wp","href":"https:\/\/api.w.org\/{rel}","templated":true}]}}