{"id":223882,"date":"2025-08-24T22:31:37","date_gmt":"2025-08-25T01:31:37","guid":{"rendered":"https:\/\/corrientesdetarde.com\/?p=223882"},"modified":"2025-08-24T22:31:40","modified_gmt":"2025-08-25T01:31:40","slug":"rescatan-a-cinco-victimas-de-trata-sometidas-a-explotacion-laboral-en-corrientes","status":"publish","type":"post","link":"https:\/\/corrientesdetarde.com\/index.php\/policiales\/rescatan-a-cinco-victimas-de-trata-sometidas-a-explotacion-laboral-en-corrientes\/","title":{"rendered":"Rescatan a cinco v\u00edctimas de trata sometidas a explotaci\u00f3n laboral en Corrientes"},"content":{"rendered":"\n<p>Prefectura Naval identific\u00f3 a los trabajadores en un establecimiento rural de Mercedes y secuestr\u00f3 armas, municiones y documentaci\u00f3n. El aforo de lo incautado supera los cuatro millones de pesos.<\/p>\n\n\n\n<p>En el marco de una investigaci\u00f3n federal, Prefectura Naval Argentina rescat\u00f3 a cinco trabajadores que eran sometidos a explotaci\u00f3n laboral en la provincia de Corrientes. Los operativos se realizaron en un establecimiento rural de la localidad de Mercedes y en una vivienda de la capital provincial.<\/p>\n\n\n\n<p>La pesquisa hab\u00eda comenzado hace m\u00e1s de un a\u00f1o, cuando se buscaba comprobar la existencia de una estancia dedicada a la cr\u00eda de ganado bovino y porcino que manten\u00eda empleados en condiciones precarias, sin acceso a agua potable, se\u00f1al telef\u00f3nica, luz, transporte ni elementos de seguridad.<\/p>\n\n\n\n<p>Por orden del Juzgado Federal de Paso de los Libres, a cargo del Dr. Ricardo Mianovich, con la Secretar\u00eda de Derechos Humanos y la Fiscal\u00eda Federal de esa ciudad, se efectuaron los allanamientos en los que se identific\u00f3 a las v\u00edctimas, quienes fueron asistidas por profesionales de la Oficina de Rescate y Acompa\u00f1amiento a Personas Damnificadas por el Delito de Trata.<\/p>\n\n\n\n<p>En los procedimientos tambi\u00e9n se secuestraron armas de fuego, municiones, dispositivos electr\u00f3nicos y documentaci\u00f3n de inter\u00e9s. El aforo de lo incautado asciende a m\u00e1s de cuatro millones de pesos.<\/p>\n\n\n\n<p>La propietaria de la estancia fue notificada y se le fij\u00f3 audiencia indagatoria.<\/p>\n","protected":false},"excerpt":{"rendered":"<p>Prefectura Naval identific\u00f3 a los trabajadores en un establecimiento rural de Mercedes y secuestr\u00f3 armas, municiones y documentaci\u00f3n. El aforo de lo incautado supera los cuatro millones de pesos. En&hellip; <\/p>\n","protected":false},"author":4,"featured_media":223900,"comment_status":"closed","ping_status":"open","sticky":false,"template":"","format":"standard","meta":{"footnotes":""},"categories":[33],"tags":[],"class_list":["post-223882","post","type-post","status-publish","format-standard","has-post-thumbnail","hentry","category-policiales"],"_links":{"self":[{"href":"https:\/\/corrientesdetarde.com\/index.php\/wp-json\/wp\/v2\/posts\/223882","targetHints":{"allow":["GET"]}}],"collection":[{"href":"https:\/\/corrientesdetarde.com\/index.php\/wp-json\/wp\/v2\/posts"}],"about":[{"href":"https:\/\/corrientesdetarde.com\/index.php\/wp-json\/wp\/v2\/types\/post"}],"author":[{"embeddable":true,"href":"https:\/\/corrientesdetarde.com\/index.php\/wp-json\/wp\/v2\/users\/4"}],"replies":[{"embeddable":true,"href":"https:\/\/corrientesdetarde.com\/index.php\/wp-json\/wp\/v2\/comments?post=223882"}],"version-history":[{"count":1,"href":"https:\/\/corrientesdetarde.com\/index.php\/wp-json\/wp\/v2\/posts\/223882\/revisions"}],"predecessor-version":[{"id":223901,"href":"https:\/\/corrientesdetarde.com\/index.php\/wp-json\/wp\/v2\/posts\/223882\/revisions\/223901"}],"wp:featuredmedia":[{"embeddable":true,"href":"https:\/\/corrientesdetarde.com\/index.php\/wp-json\/wp\/v2\/media\/223900"}],"wp:attachment":[{"href":"https:\/\/corrientesdetarde.com\/index.php\/wp-json\/wp\/v2\/media?parent=223882"}],"wp:term":[{"taxonomy":"category","embeddable":true,"href":"https:\/\/corrientesdetarde.com\/index.php\/wp-json\/wp\/v2\/categories?post=223882"},{"taxonomy":"post_tag","embeddable":true,"href":"https:\/\/corrientesdetarde.com\/index.php\/wp-json\/wp\/v2\/tags?post=223882"}],"curies":[{"name":"wp","href":"https:\/\/api.w.org\/{rel}","templated":true}]}}