{"id":223883,"date":"2025-08-24T20:08:33","date_gmt":"2025-08-24T23:08:33","guid":{"rendered":"https:\/\/corrientesdetarde.com\/?p=223883"},"modified":"2025-08-24T20:13:06","modified_gmt":"2025-08-24T23:13:06","slug":"valdes-inaugura-el-instituto-oncologico-de-corrientes","status":"publish","type":"post","link":"https:\/\/corrientesdetarde.com\/index.php\/actualidad\/valdes-inaugura-el-instituto-oncologico-de-corrientes\/","title":{"rendered":"Vald\u00e9s inaugura el Instituto Oncol\u00f3gico de Corrientes"},"content":{"rendered":"\n<p>El gobernador de la provincia, Gustavo Vald\u00e9s encabezar\u00e1, este lunes, el acto de apertura del flamante Instituto Oncol\u00f3gico de Corrientes, desde las 10.<\/p>\n\n\n\n<p>El edificio se encuentra en la intersecci\u00f3n de calle Suiza y Avenida Chacabuco, en Capital.<\/p>\n\n\n\n<figure class=\"wp-block-image size-full\"><img loading=\"lazy\" decoding=\"async\" width=\"727\" height=\"908\" src=\"https:\/\/corrientesdetarde.com\/wp-content\/uploads\/2025\/08\/image-948.png\" alt=\"\" class=\"wp-image-223887\" srcset=\"https:\/\/corrientesdetarde.com\/wp-content\/uploads\/2025\/08\/image-948.png 727w, https:\/\/corrientesdetarde.com\/wp-content\/uploads\/2025\/08\/image-948-240x300.png 240w\" sizes=\"auto, (max-width: 727px) 100vw, 727px\" \/><\/figure>\n","protected":false},"excerpt":{"rendered":"<p>El gobernador de la provincia, Gustavo Vald\u00e9s encabezar\u00e1, este lunes, el acto de apertura del flamante Instituto Oncol\u00f3gico de Corrientes, desde las 10. El edificio se encuentra en la intersecci\u00f3n&hellip; <\/p>\n","protected":false},"author":4,"featured_media":223888,"comment_status":"closed","ping_status":"open","sticky":false,"template":"","format":"standard","meta":{"footnotes":""},"categories":[23],"tags":[],"class_list":["post-223883","post","type-post","status-publish","format-standard","has-post-thumbnail","hentry","category-actualidad"],"_links":{"self":[{"href":"https:\/\/corrientesdetarde.com\/index.php\/wp-json\/wp\/v2\/posts\/223883","targetHints":{"allow":["GET"]}}],"collection":[{"href":"https:\/\/corrientesdetarde.com\/index.php\/wp-json\/wp\/v2\/posts"}],"about":[{"href":"https:\/\/corrientesdetarde.com\/index.php\/wp-json\/wp\/v2\/types\/post"}],"author":[{"embeddable":true,"href":"https:\/\/corrientesdetarde.com\/index.php\/wp-json\/wp\/v2\/users\/4"}],"replies":[{"embeddable":true,"href":"https:\/\/corrientesdetarde.com\/index.php\/wp-json\/wp\/v2\/comments?post=223883"}],"version-history":[{"count":1,"href":"https:\/\/corrientesdetarde.com\/index.php\/wp-json\/wp\/v2\/posts\/223883\/revisions"}],"predecessor-version":[{"id":223889,"href":"https:\/\/corrientesdetarde.com\/index.php\/wp-json\/wp\/v2\/posts\/223883\/revisions\/223889"}],"wp:featuredmedia":[{"embeddable":true,"href":"https:\/\/corrientesdetarde.com\/index.php\/wp-json\/wp\/v2\/media\/223888"}],"wp:attachment":[{"href":"https:\/\/corrientesdetarde.com\/index.php\/wp-json\/wp\/v2\/media?parent=223883"}],"wp:term":[{"taxonomy":"category","embeddable":true,"href":"https:\/\/corrientesdetarde.com\/index.php\/wp-json\/wp\/v2\/categories?post=223883"},{"taxonomy":"post_tag","embeddable":true,"href":"https:\/\/corrientesdetarde.com\/index.php\/wp-json\/wp\/v2\/tags?post=223883"}],"curies":[{"name":"wp","href":"https:\/\/api.w.org\/{rel}","templated":true}]}}