{"id":223894,"date":"2025-08-24T21:54:02","date_gmt":"2025-08-25T00:54:02","guid":{"rendered":"https:\/\/corrientesdetarde.com\/?p=223894"},"modified":"2025-08-24T21:54:07","modified_gmt":"2025-08-25T00:54:07","slug":"karina-milei-bajo-la-lupa-crece-la-causa-por-coimas-en-discapacidad","status":"publish","type":"post","link":"https:\/\/corrientesdetarde.com\/index.php\/politica\/karina-milei-bajo-la-lupa-crece-la-causa-por-coimas-en-discapacidad\/","title":{"rendered":"Karina Milei bajo la lupa: crece la causa por coimas en discapacidad"},"content":{"rendered":"\n<p>La Justicia investiga un presunto esquema de sobornos en la compra de medicamentos. Hubo allanamientos, un funcionario desplazado y la pol\u00e9mica salpica a la secretaria general de la Presidencia.<\/p>\n\n\n\n<p>La causa por supuestas coimas en la Agencia Nacional de Discapacidad (ANDIS) dio un salto en las \u00faltimas horas: el juez federal Sebasti\u00e1n Casanello orden\u00f3 allanamientos en al menos 15 domicilios y oficinas p\u00fablicas, en el marco de una investigaci\u00f3n sobre contrataciones irregulares y presuntos sobornos. En los operativos se secuestraron documentos, dispositivos electr\u00f3nicos y hasta una m\u00e1quina cuenta-billetes, seg\u00fan fuentes judiciales.<\/p>\n\n\n\n<p>El caso estall\u00f3 tras la filtraci\u00f3n de audios atribuidos a Diego Spagnuolo, exdirector de la ANDIS y abogado personal del presidente Javier Milei. En esas grabaciones, cuya autenticidad a\u00fan debe ser verificada por la Justicia, se describe un supuesto &#8220;retorno del 8%&#8221; en contratos de medicamentos, y se mencionan tanto a la distribuidora Suizo Argentina como a la secretaria general de la Presidencia, Karina Milei, y a su operador pol\u00edtico de confianza, Eduardo &#8220;Lule&#8221; Menem.<\/p>\n\n\n\n<p>Frente a la presi\u00f3n p\u00fablica, el Gobierno desplaz\u00f3 a Spagnuolo de su cargo y neg\u00f3 que exista una red de corrupci\u00f3n dentro de la Casa Rosada, aunque admiti\u00f3 que la Justicia debe esclarecer los hechos. Paralelamente, el abogado Gregorio Dalb\u00f3n present\u00f3 una denuncia formal en la que reclama que se investiguen los presuntos sobreprecios y retornos en las compras estatales.<\/p>\n\n\n\n<p>La investigaci\u00f3n ya dej\u00f3 medidas cautelares: uno de los exfuncionarios involucrados recibi\u00f3 la prohibici\u00f3n de salir del pa\u00eds, mientras se analizan los dispositivos electr\u00f3nicos secuestrados. En el plano pol\u00edtico, la oposici\u00f3n prepara pedidos de interpelaci\u00f3n en el Congreso y no descarta convocar a Karina Milei para dar explicaciones.<\/p>\n","protected":false},"excerpt":{"rendered":"<p>La Justicia investiga un presunto esquema de sobornos en la compra de medicamentos. Hubo allanamientos, un funcionario desplazado y la pol\u00e9mica salpica a la secretaria general de la Presidencia. La&hellip; <\/p>\n","protected":false},"author":4,"featured_media":223895,"comment_status":"closed","ping_status":"open","sticky":false,"template":"","format":"standard","meta":{"footnotes":""},"categories":[3],"tags":[],"class_list":["post-223894","post","type-post","status-publish","format-standard","has-post-thumbnail","hentry","category-politica"],"_links":{"self":[{"href":"https:\/\/corrientesdetarde.com\/index.php\/wp-json\/wp\/v2\/posts\/223894","targetHints":{"allow":["GET"]}}],"collection":[{"href":"https:\/\/corrientesdetarde.com\/index.php\/wp-json\/wp\/v2\/posts"}],"about":[{"href":"https:\/\/corrientesdetarde.com\/index.php\/wp-json\/wp\/v2\/types\/post"}],"author":[{"embeddable":true,"href":"https:\/\/corrientesdetarde.com\/index.php\/wp-json\/wp\/v2\/users\/4"}],"replies":[{"embeddable":true,"href":"https:\/\/corrientesdetarde.com\/index.php\/wp-json\/wp\/v2\/comments?post=223894"}],"version-history":[{"count":1,"href":"https:\/\/corrientesdetarde.com\/index.php\/wp-json\/wp\/v2\/posts\/223894\/revisions"}],"predecessor-version":[{"id":223896,"href":"https:\/\/corrientesdetarde.com\/index.php\/wp-json\/wp\/v2\/posts\/223894\/revisions\/223896"}],"wp:featuredmedia":[{"embeddable":true,"href":"https:\/\/corrientesdetarde.com\/index.php\/wp-json\/wp\/v2\/media\/223895"}],"wp:attachment":[{"href":"https:\/\/corrientesdetarde.com\/index.php\/wp-json\/wp\/v2\/media?parent=223894"}],"wp:term":[{"taxonomy":"category","embeddable":true,"href":"https:\/\/corrientesdetarde.com\/index.php\/wp-json\/wp\/v2\/categories?post=223894"},{"taxonomy":"post_tag","embeddable":true,"href":"https:\/\/corrientesdetarde.com\/index.php\/wp-json\/wp\/v2\/tags?post=223894"}],"curies":[{"name":"wp","href":"https:\/\/api.w.org\/{rel}","templated":true}]}}