{"id":223906,"date":"2025-08-24T23:59:37","date_gmt":"2025-08-25T02:59:37","guid":{"rendered":"https:\/\/corrientesdetarde.com\/?p=223906"},"modified":"2025-08-24T23:59:42","modified_gmt":"2025-08-25T02:59:42","slug":"valdes-inaugurara-obras-de-salud-educacion-y-vialidad-en-el-sur-correntino","status":"publish","type":"post","link":"https:\/\/corrientesdetarde.com\/index.php\/destacados\/valdes-inaugurara-obras-de-salud-educacion-y-vialidad-en-el-sur-correntino\/","title":{"rendered":"Vald\u00e9s inaugurar\u00e1 obras de salud, educaci\u00f3n y vialidad en el sur correntino"},"content":{"rendered":"\n<p><br>Este lunes y martes, el gobernador Gustavo Vald\u00e9s desarrollar\u00e1 actividades en Mocoret\u00e1, Monte Caseros y Paso de los Libres con inauguraciones en infraestructura sanitaria, educativa y vial, adem\u00e1s de la entrega de netbooks del programa Incluir Futuro.<\/p>\n\n\n\n<p><br>El lunes, en Mocoret\u00e1, a las 15 inaugurar\u00e1 el Centro Integral para Personas con Discapacidad en calle Ber\u00f3n de Astrada entre 25 de Mayo y Buenos Aires; a las 16 habilitar\u00e1 las refacciones integrales y la ampliaci\u00f3n de la Escuela T\u00e9cnica Alfredo C. Passera en Francisco Poletto y 20 de Abril, ocasi\u00f3n en la que tambi\u00e9n se har\u00e1 la entrega de netbooks del programa Incluir Futuro.<\/p>\n\n\n\n<p>Ese mismo d\u00eda, en Monte Caseros, a las 18 encabezar\u00e1 la inauguraci\u00f3n del nuevo edificio del Hospital Samuel W. Robinson en la intersecci\u00f3n de San Mart\u00edn y Uruguay, y a las 19.15 dejar\u00e1 habilitada una cancha de hockey en Sarmiento e Italia, ex predio del Tiro Federal.<\/p>\n\n\n\n<p>El martes, en Paso de los Libres, a las 09.30 inaugurar\u00e1 el pavimento del acceso al Parque Industrial dentro del mismo predio, y a las 10 pondr\u00e1 en funcionamiento la repavimentaci\u00f3n e iluminaci\u00f3n de la Ruta Nacional 117 en su cruce con Jorge Newbery.<\/p>\n","protected":false},"excerpt":{"rendered":"<p>Este lunes y martes, el gobernador Gustavo Vald\u00e9s desarrollar\u00e1 actividades en Mocoret\u00e1, Monte Caseros y Paso de los Libres con inauguraciones en infraestructura sanitaria, educativa y vial, adem\u00e1s de la&hellip; <\/p>\n","protected":false},"author":4,"featured_media":223907,"comment_status":"closed","ping_status":"open","sticky":false,"template":"","format":"standard","meta":{"footnotes":""},"categories":[26],"tags":[],"class_list":["post-223906","post","type-post","status-publish","format-standard","has-post-thumbnail","hentry","category-destacados"],"_links":{"self":[{"href":"https:\/\/corrientesdetarde.com\/index.php\/wp-json\/wp\/v2\/posts\/223906","targetHints":{"allow":["GET"]}}],"collection":[{"href":"https:\/\/corrientesdetarde.com\/index.php\/wp-json\/wp\/v2\/posts"}],"about":[{"href":"https:\/\/corrientesdetarde.com\/index.php\/wp-json\/wp\/v2\/types\/post"}],"author":[{"embeddable":true,"href":"https:\/\/corrientesdetarde.com\/index.php\/wp-json\/wp\/v2\/users\/4"}],"replies":[{"embeddable":true,"href":"https:\/\/corrientesdetarde.com\/index.php\/wp-json\/wp\/v2\/comments?post=223906"}],"version-history":[{"count":1,"href":"https:\/\/corrientesdetarde.com\/index.php\/wp-json\/wp\/v2\/posts\/223906\/revisions"}],"predecessor-version":[{"id":223908,"href":"https:\/\/corrientesdetarde.com\/index.php\/wp-json\/wp\/v2\/posts\/223906\/revisions\/223908"}],"wp:featuredmedia":[{"embeddable":true,"href":"https:\/\/corrientesdetarde.com\/index.php\/wp-json\/wp\/v2\/media\/223907"}],"wp:attachment":[{"href":"https:\/\/corrientesdetarde.com\/index.php\/wp-json\/wp\/v2\/media?parent=223906"}],"wp:term":[{"taxonomy":"category","embeddable":true,"href":"https:\/\/corrientesdetarde.com\/index.php\/wp-json\/wp\/v2\/categories?post=223906"},{"taxonomy":"post_tag","embeddable":true,"href":"https:\/\/corrientesdetarde.com\/index.php\/wp-json\/wp\/v2\/tags?post=223906"}],"curies":[{"name":"wp","href":"https:\/\/api.w.org\/{rel}","templated":true}]}}