{"id":223912,"date":"2025-08-25T01:07:01","date_gmt":"2025-08-25T04:07:01","guid":{"rendered":"https:\/\/corrientesdetarde.com\/?p=223912"},"modified":"2025-08-25T01:07:04","modified_gmt":"2025-08-25T04:07:04","slug":"ara-bera-abrio-la-inscripcion-para-su-ala-de-passitas","status":"publish","type":"post","link":"https:\/\/corrientesdetarde.com\/index.php\/cultura\/ara-bera-abrio-la-inscripcion-para-su-ala-de-passitas\/","title":{"rendered":"Ara Ber\u00e1 abri\u00f3 la inscripci\u00f3n para su &#8220;Ala de Passitas&#8221;"},"content":{"rendered":"\n<p>La comparsa difundi\u00f3 un llamado a interesadas. La gesti\u00f3n se realiza con Anabella Leguiza.<\/p>\n\n\n\n<p>La convocatoria, lanzada esta semana, est\u00e1 dirigida a bailarinas con experiencia en samba no p\u00e9, requisito principal para poder postularse. Ara Ber\u00e1, vigente campeona del carnaval correntino, buscar\u00e1 repetir el t\u00edtulo en 2026.<\/p>\n\n\n\n<p>El registro se concreta mediante un formulario que pide a las aspirantes expresar por qu\u00e9 desean ser parte, qu\u00e9 significa el carnaval en su vida y qu\u00e9 representa integrar a Ara Ber\u00e1. &#8220;Queremos mantener los t\u00edtulos obtenidos en 2025; esperamos que sea un gran carnaval para nuestra comparsa&#8221;, sostuvo Anabella Leguiza.<\/p>\n\n\n\n<p>Con esas respuestas se avanzar\u00e1 en la conformaci\u00f3n del nuevo grupo de pasistas.<\/p>\n","protected":false},"excerpt":{"rendered":"<p>La comparsa difundi\u00f3 un llamado a interesadas. La gesti\u00f3n se realiza con Anabella Leguiza. La convocatoria, lanzada esta semana, est\u00e1 dirigida a bailarinas con experiencia en samba no p\u00e9, requisito&hellip; <\/p>\n","protected":false},"author":4,"featured_media":223913,"comment_status":"closed","ping_status":"open","sticky":false,"template":"","format":"standard","meta":{"footnotes":""},"categories":[15],"tags":[],"class_list":["post-223912","post","type-post","status-publish","format-standard","has-post-thumbnail","hentry","category-cultura"],"_links":{"self":[{"href":"https:\/\/corrientesdetarde.com\/index.php\/wp-json\/wp\/v2\/posts\/223912","targetHints":{"allow":["GET"]}}],"collection":[{"href":"https:\/\/corrientesdetarde.com\/index.php\/wp-json\/wp\/v2\/posts"}],"about":[{"href":"https:\/\/corrientesdetarde.com\/index.php\/wp-json\/wp\/v2\/types\/post"}],"author":[{"embeddable":true,"href":"https:\/\/corrientesdetarde.com\/index.php\/wp-json\/wp\/v2\/users\/4"}],"replies":[{"embeddable":true,"href":"https:\/\/corrientesdetarde.com\/index.php\/wp-json\/wp\/v2\/comments?post=223912"}],"version-history":[{"count":1,"href":"https:\/\/corrientesdetarde.com\/index.php\/wp-json\/wp\/v2\/posts\/223912\/revisions"}],"predecessor-version":[{"id":223914,"href":"https:\/\/corrientesdetarde.com\/index.php\/wp-json\/wp\/v2\/posts\/223912\/revisions\/223914"}],"wp:featuredmedia":[{"embeddable":true,"href":"https:\/\/corrientesdetarde.com\/index.php\/wp-json\/wp\/v2\/media\/223913"}],"wp:attachment":[{"href":"https:\/\/corrientesdetarde.com\/index.php\/wp-json\/wp\/v2\/media?parent=223912"}],"wp:term":[{"taxonomy":"category","embeddable":true,"href":"https:\/\/corrientesdetarde.com\/index.php\/wp-json\/wp\/v2\/categories?post=223912"},{"taxonomy":"post_tag","embeddable":true,"href":"https:\/\/corrientesdetarde.com\/index.php\/wp-json\/wp\/v2\/tags?post=223912"}],"curies":[{"name":"wp","href":"https:\/\/api.w.org\/{rel}","templated":true}]}}