{"id":224142,"date":"2025-08-26T10:31:15","date_gmt":"2025-08-26T13:31:15","guid":{"rendered":"https:\/\/corrientesdetarde.com\/?p=224142"},"modified":"2025-08-26T10:31:19","modified_gmt":"2025-08-26T13:31:19","slug":"emilia-attias-reacciono-de-forma-inesperada-a-la-nueva-relacion-del-turco-naim","status":"publish","type":"post","link":"https:\/\/corrientesdetarde.com\/index.php\/espectaculos\/emilia-attias-reacciono-de-forma-inesperada-a-la-nueva-relacion-del-turco-naim\/","title":{"rendered":"Emilia Attias reaccion\u00f3 de forma inesperada a la nueva relaci\u00f3n del Turco Naim"},"content":{"rendered":"\n<p>La vida de Emilia Attias atraviesa un nuevo cap\u00edtulo tras su divorcio de el Turco Naim. Despu\u00e9s de veinte a\u00f1os juntos, la pareja, que tiene una hija en com\u00fan, Gina, se separ\u00f3 en buenos t\u00e9rminos. Sin embargo, la actriz se sorprendi\u00f3 al enterarse de que su expareja ya tiene un nuevo romance. La inesperada reacci\u00f3n qued\u00f3 en evidencia durante una entrevista en vivo para el programa Implacables.<\/p>\n\n\n\n<figure class=\"wp-block-video\"><video height=\"720\" style=\"aspect-ratio: 1280 \/ 720;\" width=\"1280\" controls src=\"https:\/\/corrientesdetarde.com\/wp-content\/uploads\/2025\/08\/0042700810.mp4\"><\/video><\/figure>\n\n\n\n<p><br>La cronista del ciclo le pregunt\u00f3 a Emilia sobre los rumores de que el Turco Naim estar\u00eda en una relaci\u00f3n con una cineasta. El rostro de la actriz mostr\u00f3 una genuina sorpresa. Lejos de molestarse, defendi\u00f3 su v\u00ednculo con el padre de su hija. &#8220;\u00c9l es excelente padre. Lo adoro y lo voy a amar siempre como persona. Tenemos una relaci\u00f3n que va mejorando, despu\u00e9s de lo que pas\u00f3, que pueden imaginarse que no es f\u00e1cil&#8221;, afirm\u00f3.<br>&nbsp;<br>&nbsp;<br>Lejos de cualquier pol\u00e9mica, la exintegrante de Casi \u00c1ngeles se mostr\u00f3 feliz por \u00e9l. &#8220;No sab\u00eda eso. \u00a1Ojal\u00e1! Ojal\u00e1 que sea una persona muy feliz. Siempre lo voy a apoyar con todo&#8221;, agreg\u00f3, destacando la importancia de mantener la armon\u00eda familiar. &#8220;Tenemos comunicaci\u00f3n y somos un equipo familiar desde otro punto de vista&#8221;, subray\u00f3.<\/p>\n\n\n\n<p><\/p>\n\n\n\n<p>Por su parte, la actriz tambi\u00e9n se refiri\u00f3 a su presente amoroso con el empresario Guillermo Freire. Aunque se mostr\u00f3 cautelosa y evit\u00f3 hablar de convivencia, no pudo ocultar su felicidad. &#8220;No convivimos, tenemos una relaci\u00f3n muy hermosa. Paso a paso, conoci\u00e9ndonos. Estoy muy feliz&#8221;, reconoci\u00f3.<\/p>\n\n\n\n<p><br>La noticia del nuevo romance de el Turco Naim hab\u00eda cobrado fuerza hace semanas, cuando Pepe Ochoa revel\u00f3 en LAM que el humorista estaba saliendo con la directora de cine Tamae Garateguy. Seg\u00fan el periodista, la relaci\u00f3n habr\u00eda comenzado en el marco de un proyecto laboral, y el humorista &#8220;est\u00e1 apostando de nuevo al amor&#8221;.<\/p>\n\n\n\n<p><br>Dos d\u00e9cadas de historia unieron a Emilia Attias y el Turco Naim, una pareja que fue un referente en el espect\u00e1culo argentino. Hoy, ambos eligen vivir sus nuevas vidas y enfrentar los desaf\u00edos con entereza, compa\u00f1erismo y un objetivo en com\u00fan: la felicidad de su hija.<\/p>\n","protected":false},"excerpt":{"rendered":"<p>La vida de Emilia Attias atraviesa un nuevo cap\u00edtulo tras su divorcio de el Turco Naim. Despu\u00e9s de veinte a\u00f1os juntos, la pareja, que tiene una hija en com\u00fan, Gina,&hellip; <\/p>\n","protected":false},"author":1,"featured_media":224150,"comment_status":"closed","ping_status":"open","sticky":false,"template":"","format":"standard","meta":{"footnotes":""},"categories":[19],"tags":[],"class_list":["post-224142","post","type-post","status-publish","format-standard","has-post-thumbnail","hentry","category-espectaculos"],"_links":{"self":[{"href":"https:\/\/corrientesdetarde.com\/index.php\/wp-json\/wp\/v2\/posts\/224142","targetHints":{"allow":["GET"]}}],"collection":[{"href":"https:\/\/corrientesdetarde.com\/index.php\/wp-json\/wp\/v2\/posts"}],"about":[{"href":"https:\/\/corrientesdetarde.com\/index.php\/wp-json\/wp\/v2\/types\/post"}],"author":[{"embeddable":true,"href":"https:\/\/corrientesdetarde.com\/index.php\/wp-json\/wp\/v2\/users\/1"}],"replies":[{"embeddable":true,"href":"https:\/\/corrientesdetarde.com\/index.php\/wp-json\/wp\/v2\/comments?post=224142"}],"version-history":[{"count":1,"href":"https:\/\/corrientesdetarde.com\/index.php\/wp-json\/wp\/v2\/posts\/224142\/revisions"}],"predecessor-version":[{"id":224151,"href":"https:\/\/corrientesdetarde.com\/index.php\/wp-json\/wp\/v2\/posts\/224142\/revisions\/224151"}],"wp:featuredmedia":[{"embeddable":true,"href":"https:\/\/corrientesdetarde.com\/index.php\/wp-json\/wp\/v2\/media\/224150"}],"wp:attachment":[{"href":"https:\/\/corrientesdetarde.com\/index.php\/wp-json\/wp\/v2\/media?parent=224142"}],"wp:term":[{"taxonomy":"category","embeddable":true,"href":"https:\/\/corrientesdetarde.com\/index.php\/wp-json\/wp\/v2\/categories?post=224142"},{"taxonomy":"post_tag","embeddable":true,"href":"https:\/\/corrientesdetarde.com\/index.php\/wp-json\/wp\/v2\/tags?post=224142"}],"curies":[{"name":"wp","href":"https:\/\/api.w.org\/{rel}","templated":true}]}}