{"id":224144,"date":"2025-08-26T09:37:04","date_gmt":"2025-08-26T12:37:04","guid":{"rendered":"https:\/\/corrientesdetarde.com\/?p=224144"},"modified":"2025-08-26T09:38:22","modified_gmt":"2025-08-26T12:38:22","slug":"paso-de-los-libres-fuerte-respaldo-de-vamos-corrientes-a-faraldo","status":"publish","type":"post","link":"https:\/\/corrientesdetarde.com\/index.php\/informacion-general\/paso-de-los-libres-fuerte-respaldo-de-vamos-corrientes-a-faraldo\/","title":{"rendered":"Paso de los Libres: fuerte respaldo de Vamos Corrientes a Faraldo"},"content":{"rendered":"\n<p>Vamos Corrientes realiz\u00f3 este lunes su cierre de campa\u00f1a para la zona centro sur de la provincia con un acto en la ciudad de Paso de los Libres, donde la f\u00f3rmula local para la intendencia, integrada por Agust\u00edn Faraldo y Ana Mi\u00f1o, recibi\u00f3 un fuerte respaldo. &#8220;Vamos a trabajar juntos, poniendo a disposici\u00f3n el Gobierno provincial y poner de nuevo de pie&#8221; a la ciudad fronteriza, asegur\u00f3 el candidato a gobernador Juan Pablo Vald\u00e9s. Tambi\u00e9n hubo en la ocasi\u00f3n fuertes cr\u00edticas al kirchnerismo, tanto local como nacional.<\/p>\n\n\n\n<p><\/p>\n\n\n\n<figure class=\"wp-block-image size-large\"><img loading=\"lazy\" decoding=\"async\" width=\"1024\" height=\"616\" src=\"https:\/\/corrientesdetarde.com\/wp-content\/uploads\/2025\/08\/image-1018-1024x616.png\" alt=\"\" class=\"wp-image-224146\" srcset=\"https:\/\/corrientesdetarde.com\/wp-content\/uploads\/2025\/08\/image-1018-1024x616.png 1024w, https:\/\/corrientesdetarde.com\/wp-content\/uploads\/2025\/08\/image-1018-300x181.png 300w, https:\/\/corrientesdetarde.com\/wp-content\/uploads\/2025\/08\/image-1018-768x462.png 768w, https:\/\/corrientesdetarde.com\/wp-content\/uploads\/2025\/08\/image-1018.png 1040w\" sizes=\"auto, (max-width: 1024px) 100vw, 1024px\" \/><\/figure>\n\n\n\n<p><\/p>\n\n\n\n<p><\/p>\n\n\n\n<p>El acto tuvo lugar durante la noche en el club Barraca con la presencia de una multitud militante y de candidatos a legisladores provinciales e intendentes de la zona, como as\u00ed tambi\u00e9n los aspirantes a ediles locales: Susana Espinoza, Mat\u00edas Almeida, Mar\u00eda del Carmen &#8220;Goia&#8221; Danuzzo, Fernando N\u00fa\u00f1ez, Florencia Montani, Gustavo Ojeda, y Florencia Piedrabuena.<\/p>\n\n\n\n<p>Juan Pablo Vald\u00e9s cerr\u00f3 los discursos, diciendo que &#8220;me involucro con el futuro de mi provincia, porque quiero seguir en el camino de la transformaci\u00f3n y el desarrollo y hoy aqu\u00ed en Paso de los Libres siento que todos juntos quieren dejar el pasado y mirar al futuro, llevando a esta ciudad a la transformaci\u00f3n de muchas otras en la provincia trabajando mucho Provincia y municipios. Y estoy seguro que Paso de los Libres ya decidi\u00f3 cambiar y que este domingo vamos a tener a Agustin Faraldo intendente y Ana Mi\u00f1o viceintendente&#8221;.<\/p>\n\n\n\n<p>&#8220;Y hoy empezamos a darle un cierre a esta campa\u00f1a corta, pero intensa recorriendo toda la provincia, hablando con la gente y viendo en sus ojos el sue\u00f1o de hacer de Corrientes una provincia pujante&#8221;, indic\u00f3 el candidato a gobernador. Y agreg\u00f3: &#8220;Vamos a continuar el rumbo que mantuvo Gustavo vald\u00e9s en estos siete a\u00f1os y medio, manteniendo la responsabilidad fiscal, impuestos bajos y pagando sueldos en tiempo y forma&#8221;.<\/p>\n\n\n\n<figure class=\"wp-block-image size-full\"><img loading=\"lazy\" decoding=\"async\" width=\"848\" height=\"638\" src=\"https:\/\/corrientesdetarde.com\/wp-content\/uploads\/2025\/08\/image-1019.png\" alt=\"\" class=\"wp-image-224147\" srcset=\"https:\/\/corrientesdetarde.com\/wp-content\/uploads\/2025\/08\/image-1019.png 848w, https:\/\/corrientesdetarde.com\/wp-content\/uploads\/2025\/08\/image-1019-300x226.png 300w, https:\/\/corrientesdetarde.com\/wp-content\/uploads\/2025\/08\/image-1019-768x578.png 768w\" sizes=\"auto, (max-width: 848px) 100vw, 848px\" \/><\/figure>\n\n\n\n<p>&#8220;Vamos a seguir modernizando la provincia y hoy vengo a decirles a todos los libre\u00f1os que junto a Agust\u00edn y Ana vamos a trabajar juntos, poniendo a disposici\u00f3n el Gobierno provincial y poner de nuevo de pie a Paso de los LIbres<\/p>\n\n\n\n<p>Antes, Gustavo Vald\u00e9s sostuvo que &#8220;el domingo en las urnas vamos a derrotar democr\u00e1ticamente ac\u00e1 al kirchnerismo en Paso de los Libres, porque el gobierno nacional del kirchnerismo nunca fue capaz de arreglar el COTECAR (Complejo Multimodal de Cargas), la Ruta Nacional 117 (acceso a Paso de los Libres e ingreso a la Argentina desde Brasil), ni el puente internacional con Uruguayana&#8221;.<\/p>\n\n\n\n<p>&#8220;Entonces con plata de lo correntinos, nosotros arreglamos la RN 117 y vi que pusieron un cartel que dice &#8216;arreglado por Vialidad Nacional&#8217; y eso tambi\u00e9n es otra forma de estafar a la gente, estoy reclamando por la RN 14 y ahora estamos peleando para que el Gobierno nacional nos permita arreglar el puente internacional, porque somos un Estado provincial que puede ayudar al Estado nacional y tan preparados estamos que en cuatro noches lo podemos repavimentar por completo&#8221;.<\/p>\n\n\n\n<p>El gobernador y candidato a senador provincial tambi\u00e9n se refiri\u00f3 a la actual gesti\u00f3n municipal de Paso de los Libres: &#8220;Recorr\u00ed con Agust\u00edn la ciudad y es una verg\u00fcenza sus basurales y as\u00ed quieren limpiar Corrientes. El mandatario tambi\u00e9n cuestion\u00f3 el escaso desarrollo vial ejecutado por el Municipio con recursos nacionales en \u00e9pocas de gobierno kirchnerista en el pa\u00eds: &#8220;Hicieron bicisendas en lugar de hacer calles&#8221; y &#8220;el desguace&#8221; de su parque automotor, teniendo ahora que &#8220;alquilar m\u00e1quinas&#8221;.<\/p>\n\n\n\n<p>Tambi\u00e9n estuvo entre los oradores de la noche, el senador nacional Eduardo Vischi, relatando que &#8220;este fin de semana acompa\u00f1\u00e9 a Agust\u00edn y Ana y vi que est\u00e1 muy claro lo que la gente est\u00e1 pidiendo: un cambio en Paso de los Libres&#8221;. Luego sostuvo que &#8220;ese cambio son Agust\u00edn y Ana con un equipo que tiene la posibilidad de desarrollar la ciudad&#8221;, en referencia al crecimiento econ\u00f3mico de la localidad fronteriza, mediante el parque industrial que construye el Gobierno provincial all\u00ed y que en la ma\u00f1ana de este mi\u00e9rcoles inaugurar\u00e1 el pavimento de su acceso.<\/p>\n\n\n\n<p>El ex intendente libre\u00f1o y actual legislador nacional tambi\u00e9n manifest\u00f3 la necesidad de &#8220;trabajo en equipo Provincia-Municipio, &#8220;fundamentalmente en salud y obras p\u00fablicas como se ve en todos los municipios de la zona&#8221;. Por otra parte, entendi\u00f3 que &#8220;la Argentina de un tiempo a esta parte est\u00e1 pidiendo cambios, pero eso cambios tienen que darse sin abandonar a la gente y eso es lo que estamos haciendo en nuestra provincia, porque tenemos un gobierno que hace bien las cosas, pero nunca se olvida de cada uno de los correntinos, apostando a la salud, a la educaci\u00f3n, al desarrollo econ\u00f3mico y el trabajo, algo que logr\u00f3 Gustavo Vald\u00e9s&#8221;.<\/p>\n\n\n\n<p>&#8220;Y ahora con Juan Pablo viene una nueva etapa con esp\u00edritu joven y mucha fuerza, decidido a construir una Corrientes cada vez mejor y les puedo asegurar que los correntinos lo van a elegir, ganando en primera vuelta&#8221;, concluy\u00f3.<\/p>\n\n\n\n<p>Mientras que Agust\u00edn Faraldo afirm\u00f3 que &#8220;este 31 vamos a ganar en Paso de los Libres, porque el municipio le dio la espalda a los libre\u00f1os en estos \u00faltimos ocho a\u00f1os y ahora nosotros, con la verdad, sin vender espejitos de colores, le vamos a resolver los problemas a los libre\u00f1os, a los 50 mil y por igual, sin las distinciones que el Municipio hizo diferenciando en categor\u00edas de ciudadanos&#8221;.<\/p>\n","protected":false},"excerpt":{"rendered":"<p>Vamos Corrientes realiz\u00f3 este lunes su cierre de campa\u00f1a para la zona centro sur de la provincia con un acto en la ciudad de Paso de los Libres, donde la&hellip; <\/p>\n","protected":false},"author":1,"featured_media":224145,"comment_status":"closed","ping_status":"open","sticky":false,"template":"","format":"standard","meta":{"footnotes":""},"categories":[22,1],"tags":[],"class_list":["post-224144","post","type-post","status-publish","format-standard","has-post-thumbnail","hentry","category-eventos","category-informacion-general"],"_links":{"self":[{"href":"https:\/\/corrientesdetarde.com\/index.php\/wp-json\/wp\/v2\/posts\/224144","targetHints":{"allow":["GET"]}}],"collection":[{"href":"https:\/\/corrientesdetarde.com\/index.php\/wp-json\/wp\/v2\/posts"}],"about":[{"href":"https:\/\/corrientesdetarde.com\/index.php\/wp-json\/wp\/v2\/types\/post"}],"author":[{"embeddable":true,"href":"https:\/\/corrientesdetarde.com\/index.php\/wp-json\/wp\/v2\/users\/1"}],"replies":[{"embeddable":true,"href":"https:\/\/corrientesdetarde.com\/index.php\/wp-json\/wp\/v2\/comments?post=224144"}],"version-history":[{"count":1,"href":"https:\/\/corrientesdetarde.com\/index.php\/wp-json\/wp\/v2\/posts\/224144\/revisions"}],"predecessor-version":[{"id":224148,"href":"https:\/\/corrientesdetarde.com\/index.php\/wp-json\/wp\/v2\/posts\/224144\/revisions\/224148"}],"wp:featuredmedia":[{"embeddable":true,"href":"https:\/\/corrientesdetarde.com\/index.php\/wp-json\/wp\/v2\/media\/224145"}],"wp:attachment":[{"href":"https:\/\/corrientesdetarde.com\/index.php\/wp-json\/wp\/v2\/media?parent=224144"}],"wp:term":[{"taxonomy":"category","embeddable":true,"href":"https:\/\/corrientesdetarde.com\/index.php\/wp-json\/wp\/v2\/categories?post=224144"},{"taxonomy":"post_tag","embeddable":true,"href":"https:\/\/corrientesdetarde.com\/index.php\/wp-json\/wp\/v2\/tags?post=224144"}],"curies":[{"name":"wp","href":"https:\/\/api.w.org\/{rel}","templated":true}]}}