{"id":224152,"date":"2025-08-26T10:59:01","date_gmt":"2025-08-26T13:59:01","guid":{"rendered":"https:\/\/corrientesdetarde.com\/?p=224152"},"modified":"2025-08-26T10:59:12","modified_gmt":"2025-08-26T13:59:12","slug":"se-celebra-el-dia-internacional-del-actor-y-actriz","status":"publish","type":"post","link":"https:\/\/corrientesdetarde.com\/index.php\/cultura\/se-celebra-el-dia-internacional-del-actor-y-actriz\/","title":{"rendered":"Se celebra el D\u00eda Internacional del Actor y Actriz"},"content":{"rendered":"\n<p>Los\u00a0artistas\u00a0que representan a diferentes personajes trasmiten mensajes a trav\u00e9s de sus interpretaciones que tocan los sentimientos del p\u00fablico y logran pervivir en su memoria. Dado impacto de arte en la sociedad, este martes 26 de agosto se celebra el\u00a0<strong>D\u00eda Internacional del Actor y la Actriz<\/strong>. La efem\u00e9ride surgi\u00f3 en memoria de\u00a0<strong>San Gin\u00e9s de Roma<\/strong>, un actor del siglo III, considerado m\u00e1rtir por la tradici\u00f3n cat\u00f3lica.<\/p>\n\n\n\n<p><\/p>\n\n\n\n<p>La historia cuenta que durante una representaci\u00f3n teatral frente al emperador&nbsp;<strong>Diocleciano&nbsp;<\/strong>y los pol\u00edticos de la \u00e9poca, el int\u00e9rprete parodi\u00f3 en tono burl\u00f3n el sacramento del bautismo cristiano y fue castigado.<\/p>\n\n\n<div class=\"wp-block-image\">\n<figure class=\"alignleft\"><img decoding=\"async\" src=\"https:\/\/www.el1digital.com.ar\/wp-content\/uploads\/2025\/08\/MG_7362-1-300x182.jpg\" alt=\"\" class=\"wp-image-354697\"\/><\/figure>\n<\/div>\n\n\n<p>La&nbsp;muerte de este reconocido personaje fue en Roma, el 26 de agosto, y por eso desde aquel d\u00eda se conmemora a todos los actores en dicha fecha. Adem\u00e1s, es representado con una m\u00e1scara, s\u00edmbolo del teatro, y un instrumento de cuerdas.<\/p>\n\n\n\n<p>El final de Gin\u00e9s de Roma inspir\u00f3 a grandes artistas, como&nbsp;<strong>Lope de Vega<\/strong>, quien escribi\u00f3 la tragicomedia \u201cLo fingido verdadero\u201d, bas\u00e1ndose en su historia. Tambi\u00e9n, el dramaturgo franc\u00e9s&nbsp;<strong>Jean de Rotrou<\/strong>&nbsp;cre\u00f3 \u201cEl verdadero San Gin\u00e9s\u201d y&nbsp;<strong>Henri Gheon<\/strong>, el drama \u201cEl comediante atrapado en su comedia\u201d.<\/p>\n\n\n\n<p>En Argentina, el&nbsp;<strong>D\u00eda Nacional del Actor<\/strong>&nbsp;se celebra el&nbsp;<strong>segundo lunes de mayo<\/strong>&nbsp;porque&nbsp;as\u00ed lo estableci\u00f3 la Ley 24.171, que fue sancionada el 30 de septiembre de 1992.<\/p>\n\n\n<div class=\"wp-block-image\">\n<figure class=\"alignright\"><img decoding=\"async\" src=\"https:\/\/www.el1digital.com.ar\/wp-content\/uploads\/2025\/08\/WhatsApp-Image-2025-06-19-at-11.58.32-AM-1-300x182.jpeg\" alt=\"\" class=\"wp-image-354700\"\/><\/figure>\n<\/div>\n\n\n<p>En esa norma, se valor\u00f3 que&nbsp;&#8220;los actores y actrices rescatan el pasado dando vida a hombres y mujeres c\u00e9lebres de la historia, se adelantan a la \u00e9poca en la que viven y nos muestran los problemas de la vida cotidiana a trav\u00e9s de personajes comunes que nos proporcionan gratos momentos, emocion\u00e1ndonos o haci\u00e9ndonos re\u00edr&#8221;.<\/p>\n","protected":false},"excerpt":{"rendered":"<p>Los\u00a0artistas\u00a0que representan a diferentes personajes trasmiten mensajes a trav\u00e9s de sus interpretaciones que tocan los sentimientos del p\u00fablico y logran pervivir en su memoria. Dado impacto de arte en la&hellip; <\/p>\n","protected":false},"author":1,"featured_media":224154,"comment_status":"closed","ping_status":"open","sticky":false,"template":"","format":"standard","meta":{"footnotes":""},"categories":[23,15],"tags":[],"class_list":["post-224152","post","type-post","status-publish","format-standard","has-post-thumbnail","hentry","category-actualidad","category-cultura"],"_links":{"self":[{"href":"https:\/\/corrientesdetarde.com\/index.php\/wp-json\/wp\/v2\/posts\/224152","targetHints":{"allow":["GET"]}}],"collection":[{"href":"https:\/\/corrientesdetarde.com\/index.php\/wp-json\/wp\/v2\/posts"}],"about":[{"href":"https:\/\/corrientesdetarde.com\/index.php\/wp-json\/wp\/v2\/types\/post"}],"author":[{"embeddable":true,"href":"https:\/\/corrientesdetarde.com\/index.php\/wp-json\/wp\/v2\/users\/1"}],"replies":[{"embeddable":true,"href":"https:\/\/corrientesdetarde.com\/index.php\/wp-json\/wp\/v2\/comments?post=224152"}],"version-history":[{"count":1,"href":"https:\/\/corrientesdetarde.com\/index.php\/wp-json\/wp\/v2\/posts\/224152\/revisions"}],"predecessor-version":[{"id":224155,"href":"https:\/\/corrientesdetarde.com\/index.php\/wp-json\/wp\/v2\/posts\/224152\/revisions\/224155"}],"wp:featuredmedia":[{"embeddable":true,"href":"https:\/\/corrientesdetarde.com\/index.php\/wp-json\/wp\/v2\/media\/224154"}],"wp:attachment":[{"href":"https:\/\/corrientesdetarde.com\/index.php\/wp-json\/wp\/v2\/media?parent=224152"}],"wp:term":[{"taxonomy":"category","embeddable":true,"href":"https:\/\/corrientesdetarde.com\/index.php\/wp-json\/wp\/v2\/categories?post=224152"},{"taxonomy":"post_tag","embeddable":true,"href":"https:\/\/corrientesdetarde.com\/index.php\/wp-json\/wp\/v2\/tags?post=224152"}],"curies":[{"name":"wp","href":"https:\/\/api.w.org\/{rel}","templated":true}]}}