{"id":224153,"date":"2025-08-26T11:02:19","date_gmt":"2025-08-26T14:02:19","guid":{"rendered":"https:\/\/corrientesdetarde.com\/?p=224153"},"modified":"2025-08-26T11:02:23","modified_gmt":"2025-08-26T14:02:23","slug":"murio-el-peaton-atropellado-por-un-auto-en-curuzu-cuatia","status":"publish","type":"post","link":"https:\/\/corrientesdetarde.com\/index.php\/locales\/murio-el-peaton-atropellado-por-un-auto-en-curuzu-cuatia\/","title":{"rendered":"Muri\u00f3 el peat\u00f3n atropellado por un auto en Curuz\u00fa Cuati\u00e1"},"content":{"rendered":"\n<p>La\u00a0<strong>Polic\u00eda de Corrientes<\/strong>\u00a0inform\u00f3 que este lunes\u00a0<strong>muri\u00f3 el peat\u00f3n que fue atropellado por un auto<\/strong>\u00a0en la localidad correntina de\u00a0<strong>Curuz\u00fa Cuati\u00e1<\/strong>.<\/p>\n\n\n\n<p>El hombre estaba internado en el&nbsp;<strong>hospital provincial &#8220;Dr. Fernando Irastorza&#8221;<\/strong>. Seg\u00fan el&nbsp;<strong>parte policial<\/strong>, el deceso se produjo cerca de las&nbsp;<strong>23:30<\/strong>&nbsp;en el nosocomio.<\/p>\n\n\n\n<p>El siniestro se hab\u00eda producido en la intersecci\u00f3n de las calles&nbsp;<strong>Presidente Per\u00f3n y Rotary Club<\/strong>, y tuvo como&nbsp;<strong>protagonista fatal a un hombre de apellido Calgaro<\/strong>, de 32 a\u00f1os, quien&nbsp;<strong>habr\u00eda sido impactado por un veh\u00edculo<\/strong>.<\/p>\n\n\n\n<p>En la comisar\u00eda jurisdiccional,&nbsp;llevan a cabo las&nbsp;<strong>diligencias del caso<\/strong>&nbsp;con intervenci\u00f3n de la&nbsp;<strong>Unidad Fiscal de Investigaci\u00f3n<\/strong>.<a href=\"https:\/\/www.ellitoral.com.ar\/policiales\/2025-8-25-9-29-0-un-peaton-esta-grave-tras-ser-atropellado-en-corrientes\"><\/a><\/p>\n\n\n\n<p><\/p>\n","protected":false},"excerpt":{"rendered":"<p>La\u00a0Polic\u00eda de Corrientes\u00a0inform\u00f3 que este lunes\u00a0muri\u00f3 el peat\u00f3n que fue atropellado por un auto\u00a0en la localidad correntina de\u00a0Curuz\u00fa Cuati\u00e1. El hombre estaba internado en el&nbsp;hospital provincial &#8220;Dr. Fernando Irastorza&#8221;. Seg\u00fan&hellip; <\/p>\n","protected":false},"author":1,"featured_media":224156,"comment_status":"closed","ping_status":"open","sticky":false,"template":"","format":"standard","meta":{"footnotes":""},"categories":[8],"tags":[],"class_list":["post-224153","post","type-post","status-publish","format-standard","has-post-thumbnail","hentry","category-locales"],"_links":{"self":[{"href":"https:\/\/corrientesdetarde.com\/index.php\/wp-json\/wp\/v2\/posts\/224153","targetHints":{"allow":["GET"]}}],"collection":[{"href":"https:\/\/corrientesdetarde.com\/index.php\/wp-json\/wp\/v2\/posts"}],"about":[{"href":"https:\/\/corrientesdetarde.com\/index.php\/wp-json\/wp\/v2\/types\/post"}],"author":[{"embeddable":true,"href":"https:\/\/corrientesdetarde.com\/index.php\/wp-json\/wp\/v2\/users\/1"}],"replies":[{"embeddable":true,"href":"https:\/\/corrientesdetarde.com\/index.php\/wp-json\/wp\/v2\/comments?post=224153"}],"version-history":[{"count":1,"href":"https:\/\/corrientesdetarde.com\/index.php\/wp-json\/wp\/v2\/posts\/224153\/revisions"}],"predecessor-version":[{"id":224157,"href":"https:\/\/corrientesdetarde.com\/index.php\/wp-json\/wp\/v2\/posts\/224153\/revisions\/224157"}],"wp:featuredmedia":[{"embeddable":true,"href":"https:\/\/corrientesdetarde.com\/index.php\/wp-json\/wp\/v2\/media\/224156"}],"wp:attachment":[{"href":"https:\/\/corrientesdetarde.com\/index.php\/wp-json\/wp\/v2\/media?parent=224153"}],"wp:term":[{"taxonomy":"category","embeddable":true,"href":"https:\/\/corrientesdetarde.com\/index.php\/wp-json\/wp\/v2\/categories?post=224153"},{"taxonomy":"post_tag","embeddable":true,"href":"https:\/\/corrientesdetarde.com\/index.php\/wp-json\/wp\/v2\/tags?post=224153"}],"curies":[{"name":"wp","href":"https:\/\/api.w.org\/{rel}","templated":true}]}}