{"id":224161,"date":"2025-08-26T11:55:40","date_gmt":"2025-08-26T14:55:40","guid":{"rendered":"https:\/\/corrientesdetarde.com\/?p=224161"},"modified":"2025-08-26T11:58:06","modified_gmt":"2025-08-26T14:58:06","slug":"la-asociacion-civil-cultural-bonpland-recordo-el-nacimiento-del-naturalista-biologo-medico-amado-bonpland","status":"publish","type":"post","link":"https:\/\/corrientesdetarde.com\/index.php\/eventos\/la-asociacion-civil-cultural-bonpland-recordo-el-nacimiento-del-naturalista-biologo-medico-amado-bonpland\/","title":{"rendered":"La Asociacion Civil Cultural Bonpland\u00a0record\u00f3 el nacimiento del naturalista, bi\u00f3logo m\u00e9dico\u00a0Amado\u00a0Bonpland"},"content":{"rendered":"\n<p>El 28 de agosto se celebra el nacimiento 252 del naturalista, bi\u00f3logo m\u00e9dico Amado&nbsp;Bonpland.<\/p>\n\n\n\n<p>El d\u00eda de ayer, Aurora Arbelo de Mazzaro, presidenta de la Asociaci\u00f3n Cultural Civil Bonpland inici\u00f3 la celebraci\u00f3n, con una ofrenda floral en el busto que est\u00e1 en el Museo de Ciencias Naturales, de la ciudad de Corrientes. <\/p>\n\n\n\n<p>El 26 de agosto marca el inicio de la Segunda Semana de Bonpland, un homenaje que se celebra anualmente desde 2024 en Corrientes, Argentina, para honrar al naturalista franc\u00e9s Amado Bonpland, quien pas\u00f3 sus \u00faltimos a\u00f1os en la regi\u00f3n y falleci\u00f3 all\u00ed en 1858. Las actividades, organizadas por la Asociaci\u00f3n Bonpland y la Fundaci\u00f3n Sinopsis, incluyen propuestas culturales, cient\u00edficas y educativas que se extienden hasta finales de agosto, con eventos que buscan poner en valor su legado y su conexi\u00f3n con la regi\u00f3n.&nbsp;<\/p>\n\n\n\n<p>Contexto y celebraci\u00f3n&nbsp;<\/p>\n\n\n\n<ul class=\"wp-block-list\">\n<li><strong>Inicio de la Semana de Bonpland:<\/strong> El homenaje comenz\u00f3 el 26 de agosto en Corrientes, un evento que rinde tributo a la figura de Amado Bonpland.<\/li>\n\n\n\n<li><strong>Organizaci\u00f3n:<\/strong> Las actividades son organizadas por la Asociaci\u00f3n Bonpland y la Fundaci\u00f3n Sinopsis.<\/li>\n\n\n\n<li><strong>Prop\u00f3sito:<\/strong> El objetivo es rescatar y difundir la obra cient\u00edfica y la vida del naturalista, resaltando su importancia para la ciencia y para Corrientes.<\/li>\n<\/ul>\n\n\n\n<figure class=\"wp-block-image size-large\"><img loading=\"lazy\" decoding=\"async\" width=\"771\" height=\"1024\" src=\"https:\/\/corrientesdetarde.com\/wp-content\/uploads\/2025\/08\/Imagen-de-WhatsApp-2025-08-26-a-las-11.26.04_8237c035-771x1024.jpg\" alt=\"\" class=\"wp-image-224163\" srcset=\"https:\/\/corrientesdetarde.com\/wp-content\/uploads\/2025\/08\/Imagen-de-WhatsApp-2025-08-26-a-las-11.26.04_8237c035-771x1024.jpg 771w, https:\/\/corrientesdetarde.com\/wp-content\/uploads\/2025\/08\/Imagen-de-WhatsApp-2025-08-26-a-las-11.26.04_8237c035-226x300.jpg 226w, https:\/\/corrientesdetarde.com\/wp-content\/uploads\/2025\/08\/Imagen-de-WhatsApp-2025-08-26-a-las-11.26.04_8237c035-768x1021.jpg 768w, https:\/\/corrientesdetarde.com\/wp-content\/uploads\/2025\/08\/Imagen-de-WhatsApp-2025-08-26-a-las-11.26.04_8237c035-1156x1536.jpg 1156w, https:\/\/corrientesdetarde.com\/wp-content\/uploads\/2025\/08\/Imagen-de-WhatsApp-2025-08-26-a-las-11.26.04_8237c035.jpg 1204w\" sizes=\"auto, (max-width: 771px) 100vw, 771px\" \/><\/figure>\n\n\n\n<figure class=\"wp-block-image size-large\"><img loading=\"lazy\" decoding=\"async\" width=\"771\" height=\"1024\" src=\"https:\/\/corrientesdetarde.com\/wp-content\/uploads\/2025\/08\/Imagen-de-WhatsApp-2025-08-26-a-las-11.26.04_6001a93d-771x1024.jpg\" alt=\"\" class=\"wp-image-224162\" srcset=\"https:\/\/corrientesdetarde.com\/wp-content\/uploads\/2025\/08\/Imagen-de-WhatsApp-2025-08-26-a-las-11.26.04_6001a93d-771x1024.jpg 771w, https:\/\/corrientesdetarde.com\/wp-content\/uploads\/2025\/08\/Imagen-de-WhatsApp-2025-08-26-a-las-11.26.04_6001a93d-226x300.jpg 226w, https:\/\/corrientesdetarde.com\/wp-content\/uploads\/2025\/08\/Imagen-de-WhatsApp-2025-08-26-a-las-11.26.04_6001a93d-768x1021.jpg 768w, https:\/\/corrientesdetarde.com\/wp-content\/uploads\/2025\/08\/Imagen-de-WhatsApp-2025-08-26-a-las-11.26.04_6001a93d-1156x1536.jpg 1156w, https:\/\/corrientesdetarde.com\/wp-content\/uploads\/2025\/08\/Imagen-de-WhatsApp-2025-08-26-a-las-11.26.04_6001a93d.jpg 1204w\" sizes=\"auto, (max-width: 771px) 100vw, 771px\" \/><\/figure>\n\n\n\n<p><strong>\u00bfQui\u00e9n fue Amado Bonpland?<\/strong><\/p>\n\n\n\n<p>Su figura es tan relevante para la regi\u00f3n que la ciudad de Bonpland, en la provincia de Corrientes, fue nombrada en su honor.&nbsp;<\/p>\n\n\n\n<p>Fue un m\u00e9dico, bot\u00e1nico y explorador franc\u00e9s que viaj\u00f3 por Am\u00e9rica Latina junto a Alexander von Humboldt.&nbsp;<\/p>\n\n\n\n<p>Se radic\u00f3 en Corrientes, donde vivi\u00f3 sus \u00faltimos a\u00f1os y falleci\u00f3 el 11 de mayo de 1858.&nbsp;<\/p>\n\n\n\n<figure class=\"wp-block-image size-large\"><img loading=\"lazy\" decoding=\"async\" width=\"1024\" height=\"739\" src=\"https:\/\/corrientesdetarde.com\/wp-content\/uploads\/2025\/08\/image-1024-1024x739.png\" alt=\"\" class=\"wp-image-224165\" srcset=\"https:\/\/corrientesdetarde.com\/wp-content\/uploads\/2025\/08\/image-1024-1024x739.png 1024w, https:\/\/corrientesdetarde.com\/wp-content\/uploads\/2025\/08\/image-1024-300x217.png 300w, https:\/\/corrientesdetarde.com\/wp-content\/uploads\/2025\/08\/image-1024-768x554.png 768w, https:\/\/corrientesdetarde.com\/wp-content\/uploads\/2025\/08\/image-1024.png 1186w\" sizes=\"auto, (max-width: 1024px) 100vw, 1024px\" \/><\/figure>\n\n\n\n<p><strong>Amado Bonpland: el ilustre que se enamor\u00f3 de Corrientes<\/strong><\/p>\n\n\n\n<p><a href=\"https:\/\/www.facebook.com\/sharer.php?u=https%3A%2F%2Fwww.diarioellibertador.com.ar%2Famado-bonpland-el-ilustre-que-se-enamoro-de-corrientes%2F\" target=\"_blank\" rel=\"noreferrer noopener\"><\/a><a href=\"https:\/\/twitter.com\/intent\/tweet?url=https%3A%2F%2Fwww.diarioellibertador.com.ar%2Famado-bonpland-el-ilustre-que-se-enamoro-de-corrientes%2F&amp;text=Amado%20Bonpland%3A%20el%20ilustre%20que%20se%20enamor%C3%B3%20de%20Corrientes\" target=\"_blank\" rel=\"noreferrer noopener\"><\/a><a href=\"mailto:?subject=Amado%20Bonpland%3A%20el%20ilustre%20que%20se%20enamor%C3%B3%20de%20Corrientes&amp;body=https%3A%2F%2Fwww.diarioellibertador.com.ar%2Famado-bonpland-el-ilustre-que-se-enamoro-de-corrientes%2F\" target=\"_blank\" rel=\"noreferrer noopener\"><\/a><a href=\"https:\/\/t.me\/share\/url?url=https%3A%2F%2Fwww.diarioellibertador.com.ar%2Famado-bonpland-el-ilustre-que-se-enamoro-de-corrientes%2F&amp;title=Amado%20Bonpland%3A%20el%20ilustre%20que%20se%20enamor%C3%B3%20de%20Corrientes\" target=\"_blank\" rel=\"noreferrer noopener\"><\/a><a href=\"https:\/\/wa.me\/?text=Amado%20Bonpland%3A%20el%20ilustre%20que%20se%20enamor%C3%B3%20de%20Corrientes%20https%3A%2F%2Fwww.diarioellibertador.com.ar%2Famado-bonpland-el-ilustre-que-se-enamoro-de-corrientes%2F\" target=\"_blank\" rel=\"noreferrer noopener\"><\/a><\/p>\n\n\n\n<p>M\u00e9dico, bot\u00e1nico, acad\u00e9mico, agricultor e industrial, erudito y hombre sencillo, son algunas de las palabras con las que la historia describe a Aim\u00e9 Jacques Alexandre Goujaud, o simplemente, Amado Bonpland. El sabio naci\u00f3 el 28 de agosto, pero de 1773 en La Rochelle, Francia, pero vivi\u00f3 m\u00e1s de la mitad de su vida en Corrientes, la tierra sin mal de la que qued\u00f3 enamorado.<br>Bonpland se hizo de un vasto reconocimiento como bot\u00e1nico, bi\u00f3logo y naturalista, especialmente por sus viajes exploratorios junto a Alexander Von Humboldt, otra eminencia de la biolog\u00eda.<br>Ten\u00eda 47 a\u00f1os cuando lleg\u00f3 a la provincia y aunque se qued\u00f3, la vida en la regi\u00f3n no le fue nada f\u00e1cil. Primero, lo condenaron bajo sospecha de ser un esp\u00eda y pas\u00f3 nueve a\u00f1os preso en Paraguay. Luego, cuando se instal\u00f3 en lo que hoy es Paso de los Libres, debi\u00f3 afrontar la destrucci\u00f3n de todas sus pertenencias por la Batalla de Pago Largo 1838.<br>A pesar de todo, opt\u00f3 por quedarse y en 1842 se cas\u00f3 con Victoriana Cristaldo, con qui\u00e9n tuvo tres hijos: Carmen en 1843, Amado en 1845 y Anastasio en 1847.<br>No par\u00f3 de trabajar, ni a\u00fan en la vejez. En 1855, acept\u00f3 del gobernador Juan Pujol, el cargo de director del Museo o Exposici\u00f3n Provincial Permanente. El mismo que funciona hasta hoy y lleva su nombre.<br>En Europa no se cansaron de reclamarlo y cubrirlo de honores, pero \u00e9l prefiri\u00f3 seguir viviendo en la provincia. En 1855, recorri\u00f3 el mundo y fue amigo de ilustres, pero prefiri\u00f3 las tierras del Tarag\u00fci para al fin descansar. Muri\u00f3 el 11 de mayo de 1858 en su casa correntina.<\/p>\n\n\n\n<p>La an\u00e9cdota de las dos muertes del franc\u00e9s<\/p>\n\n\n\n<p>Los historiadores refieren a un hecho curioso que tuvo lugar tras la muerte del sabio franc\u00e9s en su estancia de lo que era Santa Ana, y que luego fue nombrada como Bonpland, como acto de gratitud en su nombre. Se dice que muri\u00f3 al menos dos veces y, seg\u00fan quien lo cuente, el relato tiene m\u00e1s o menos datos fant\u00e1sticos.<br>En Biograf\u00eda de Aim\u00e9 Bonpland, Tom\u00e1s Fern\u00e1ndez y Elena Tamaro cuentan el episodio de la siguiente manera: \u00abA los ochenta y cinco a\u00f1os enferm\u00f3 en su establecimiento de Santa Ana, y falleci\u00f3 el 11 de mayo de 1858. Cuando supo de la muerte del sabio, su amigo, el gobernador Pujol, orden\u00f3 que sus restos, embalsamados por pedido espont\u00e1neo del pueblo, fueran remitidos a la capital de la provincia para darle sepultura. Antes de ser enterrado, el cuerpo embalsamado de Amado Bonpland fue velado en una habitaci\u00f3n a la calle en la peque\u00f1a ciudad de Paso de los Libres\u00bb.<br>\u00abSe cuenta que, como homenaje, los amigos y vecinos dejaron puertas y ventanas abiertas y la estancia iluminada. Estaba yacente de noche el cuerpo del sabio, en la habitaci\u00f3n mortuoria, que hab\u00eda quedado sola. A un paisano correntino ebrio, que se detuvo ante la puerta, le llam\u00f3 la atenci\u00f3n ese hombre quieto, vestido de frac, p\u00e1lido y amarillento que se hallaba tendido bajo la luz de las velas; lo salud\u00f3 e, indignado por la falta de respuesta, apu\u00f1al\u00f3 al cad\u00e1ver\u00bb, completan. Por lo que, vi\u00e9ndolo desde cierto punto, el ilustre muri\u00f3 dos veces.<\/p>\n\n\n\n<figure class=\"wp-block-image size-full\"><img loading=\"lazy\" decoding=\"async\" width=\"827\" height=\"655\" src=\"https:\/\/corrientesdetarde.com\/wp-content\/uploads\/2025\/08\/image-1025.png\" alt=\"\" class=\"wp-image-224168\" srcset=\"https:\/\/corrientesdetarde.com\/wp-content\/uploads\/2025\/08\/image-1025.png 827w, https:\/\/corrientesdetarde.com\/wp-content\/uploads\/2025\/08\/image-1025-300x238.png 300w, https:\/\/corrientesdetarde.com\/wp-content\/uploads\/2025\/08\/image-1025-768x608.png 768w\" sizes=\"auto, (max-width: 827px) 100vw, 827px\" \/><\/figure>\n","protected":false},"excerpt":{"rendered":"<p>El 28 de agosto se celebra el nacimiento 252 del naturalista, bi\u00f3logo m\u00e9dico Amado&nbsp;Bonpland. El d\u00eda de ayer, Aurora Arbelo de Mazzaro, presidenta de la Asociaci\u00f3n Cultural Civil Bonpland inici\u00f3&hellip; <\/p>\n","protected":false},"author":1,"featured_media":224164,"comment_status":"closed","ping_status":"open","sticky":false,"template":"","format":"standard","meta":{"footnotes":""},"categories":[22],"tags":[],"class_list":["post-224161","post","type-post","status-publish","format-standard","has-post-thumbnail","hentry","category-eventos"],"_links":{"self":[{"href":"https:\/\/corrientesdetarde.com\/index.php\/wp-json\/wp\/v2\/posts\/224161","targetHints":{"allow":["GET"]}}],"collection":[{"href":"https:\/\/corrientesdetarde.com\/index.php\/wp-json\/wp\/v2\/posts"}],"about":[{"href":"https:\/\/corrientesdetarde.com\/index.php\/wp-json\/wp\/v2\/types\/post"}],"author":[{"embeddable":true,"href":"https:\/\/corrientesdetarde.com\/index.php\/wp-json\/wp\/v2\/users\/1"}],"replies":[{"embeddable":true,"href":"https:\/\/corrientesdetarde.com\/index.php\/wp-json\/wp\/v2\/comments?post=224161"}],"version-history":[{"count":3,"href":"https:\/\/corrientesdetarde.com\/index.php\/wp-json\/wp\/v2\/posts\/224161\/revisions"}],"predecessor-version":[{"id":224169,"href":"https:\/\/corrientesdetarde.com\/index.php\/wp-json\/wp\/v2\/posts\/224161\/revisions\/224169"}],"wp:featuredmedia":[{"embeddable":true,"href":"https:\/\/corrientesdetarde.com\/index.php\/wp-json\/wp\/v2\/media\/224164"}],"wp:attachment":[{"href":"https:\/\/corrientesdetarde.com\/index.php\/wp-json\/wp\/v2\/media?parent=224161"}],"wp:term":[{"taxonomy":"category","embeddable":true,"href":"https:\/\/corrientesdetarde.com\/index.php\/wp-json\/wp\/v2\/categories?post=224161"},{"taxonomy":"post_tag","embeddable":true,"href":"https:\/\/corrientesdetarde.com\/index.php\/wp-json\/wp\/v2\/tags?post=224161"}],"curies":[{"name":"wp","href":"https:\/\/api.w.org\/{rel}","templated":true}]}}