{"id":224174,"date":"2025-08-26T13:31:53","date_gmt":"2025-08-26T16:31:53","guid":{"rendered":"https:\/\/corrientesdetarde.com\/?p=224174"},"modified":"2025-08-26T13:32:04","modified_gmt":"2025-08-26T16:32:04","slug":"innovacion-en-la-construccion-y-futuro-corrientes-reunio-al-sector-de-la-construccion-con-la-mirada-puesta-en-la-innovacion","status":"publish","type":"post","link":"https:\/\/corrientesdetarde.com\/index.php\/eventos\/innovacion-en-la-construccion-y-futuro-corrientes-reunio-al-sector-de-la-construccion-con-la-mirada-puesta-en-la-innovacion\/","title":{"rendered":"Innovaci\u00f3n en la construcci\u00f3n y futuro: Corrientes reuni\u00f3 al sector de la construcci\u00f3n con la mirada puesta en la innovaci\u00f3n"},"content":{"rendered":"\n<p><br>En el Centro de Convenciones de Corrientes se realiz\u00f3 el tercer Encuentro Constructivo 2025, un espacio que, durante tres d\u00edas, reuni\u00f3 a profesionales, empresarios, estudiantes y p\u00fablico general alrededor de la construcci\u00f3n, la tecnolog\u00eda y la innovaci\u00f3n.<br>El evento, que cont\u00f3 con el apoyo institucional del vicegobernador Dr. Pedro Braillard Poccard, volvi\u00f3 a demostrar que Corrientes se consolida como punto de referencia regional en la innovaci\u00f3n.<br>Durante 3 jornadas se realizaron charlas y una amplia muestra con stands que integraron diversas \u00e1reas: desde impresoras 3D aplicadas a la construcci\u00f3n, pasando por energ\u00edas renovables, casas de interiorismo, hasta experiencias con anteojos de realidad virtual que acercaron el futuro de la industria al presente.<br>Uno de los paneles m\u00e1s destacados en la educaci\u00f3n fue el de Corrientes Futuro Tecno, que abord\u00f3 la innovaci\u00f3n en la construcci\u00f3n con inteligencia artificial a partir de casos concretos y herramientas argentinas. En esta edici\u00f3n, la Vicegobernaci\u00f3n convoc\u00f3 a los CEOs espa\u00f1oles Francisco Garc\u00eda (Hubtrick) y Antonio Altur (Agrogest), quienes ya hab\u00edan formado parte de la misi\u00f3n comercial que trajo a once empresarios ib\u00e9ricos para generar sinergias con el sector regional en marzo de este a\u00f1o, y en esta ocasi\u00f3n estuvieron conectados online.<br>Francisco Garc\u00eda, especialista en empleo digital, sostuvo: \u201cEn Corrientes encontramos el mismo talento que vemos crecer en Europa. Aqu\u00ed hay una oportunidad real de aplicar innovaci\u00f3n sin perder la identidad local\u201d.<br>Por su parte, Antonio Altur, referente en gesti\u00f3n digital en agroindustria, remarc\u00f3: \u201cCorrientes tiene la energ\u00eda y la apertura necesarias para incorporar tecnolog\u00eda de forma inteligente. Lo que m\u00e1s me impresiona es el entusiasmo con el que empresarios y j\u00f3venes se suman a este proceso\u201d.<\/p>\n\n\n\n<p><\/p>\n\n\n\n<figure class=\"wp-block-image size-large\"><img loading=\"lazy\" decoding=\"async\" width=\"768\" height=\"1024\" src=\"https:\/\/corrientesdetarde.com\/wp-content\/uploads\/2025\/08\/WhatsApp-Image-2025-08-26-at-13.07.38-768x1024.jpeg\" alt=\"\" class=\"wp-image-224177\" srcset=\"https:\/\/corrientesdetarde.com\/wp-content\/uploads\/2025\/08\/WhatsApp-Image-2025-08-26-at-13.07.38-768x1024.jpeg 768w, https:\/\/corrientesdetarde.com\/wp-content\/uploads\/2025\/08\/WhatsApp-Image-2025-08-26-at-13.07.38-225x300.jpeg 225w, https:\/\/corrientesdetarde.com\/wp-content\/uploads\/2025\/08\/WhatsApp-Image-2025-08-26-at-13.07.38.jpeg 867w\" sizes=\"auto, (max-width: 768px) 100vw, 768px\" \/><\/figure>\n\n\n\n<figure class=\"wp-block-image size-large\"><img loading=\"lazy\" decoding=\"async\" width=\"1024\" height=\"768\" src=\"https:\/\/corrientesdetarde.com\/wp-content\/uploads\/2025\/08\/WhatsApp-Image-2025-08-26-at-13.07.37-2-1024x768.jpeg\" alt=\"\" class=\"wp-image-224175\" srcset=\"https:\/\/corrientesdetarde.com\/wp-content\/uploads\/2025\/08\/WhatsApp-Image-2025-08-26-at-13.07.37-2-1024x768.jpeg 1024w, https:\/\/corrientesdetarde.com\/wp-content\/uploads\/2025\/08\/WhatsApp-Image-2025-08-26-at-13.07.37-2-300x225.jpeg 300w, https:\/\/corrientesdetarde.com\/wp-content\/uploads\/2025\/08\/WhatsApp-Image-2025-08-26-at-13.07.37-2-768x576.jpeg 768w, https:\/\/corrientesdetarde.com\/wp-content\/uploads\/2025\/08\/WhatsApp-Image-2025-08-26-at-13.07.37-2.jpeg 1156w\" sizes=\"auto, (max-width: 1024px) 100vw, 1024px\" \/><\/figure>\n\n\n\n<figure class=\"wp-block-image size-large\"><img loading=\"lazy\" decoding=\"async\" width=\"819\" height=\"1024\" src=\"https:\/\/corrientesdetarde.com\/wp-content\/uploads\/2025\/08\/WhatsApp-Image-2025-08-26-at-13.07.37-1-819x1024.jpeg\" alt=\"\" class=\"wp-image-224176\" srcset=\"https:\/\/corrientesdetarde.com\/wp-content\/uploads\/2025\/08\/WhatsApp-Image-2025-08-26-at-13.07.37-1-819x1024.jpeg 819w, https:\/\/corrientesdetarde.com\/wp-content\/uploads\/2025\/08\/WhatsApp-Image-2025-08-26-at-13.07.37-1-240x300.jpeg 240w, https:\/\/corrientesdetarde.com\/wp-content\/uploads\/2025\/08\/WhatsApp-Image-2025-08-26-at-13.07.37-1-768x960.jpeg 768w, https:\/\/corrientesdetarde.com\/wp-content\/uploads\/2025\/08\/WhatsApp-Image-2025-08-26-at-13.07.37-1.jpeg 1080w\" sizes=\"auto, (max-width: 819px) 100vw, 819px\" \/><\/figure>\n\n\n\n<p><\/p>\n","protected":false},"excerpt":{"rendered":"<p>En el Centro de Convenciones de Corrientes se realiz\u00f3 el tercer Encuentro Constructivo 2025, un espacio que, durante tres d\u00edas, reuni\u00f3 a profesionales, empresarios, estudiantes y p\u00fablico general alrededor de&hellip; <\/p>\n","protected":false},"author":8,"featured_media":224178,"comment_status":"closed","ping_status":"open","sticky":false,"template":"","format":"standard","meta":{"footnotes":""},"categories":[22],"tags":[],"class_list":["post-224174","post","type-post","status-publish","format-standard","has-post-thumbnail","hentry","category-eventos"],"_links":{"self":[{"href":"https:\/\/corrientesdetarde.com\/index.php\/wp-json\/wp\/v2\/posts\/224174","targetHints":{"allow":["GET"]}}],"collection":[{"href":"https:\/\/corrientesdetarde.com\/index.php\/wp-json\/wp\/v2\/posts"}],"about":[{"href":"https:\/\/corrientesdetarde.com\/index.php\/wp-json\/wp\/v2\/types\/post"}],"author":[{"embeddable":true,"href":"https:\/\/corrientesdetarde.com\/index.php\/wp-json\/wp\/v2\/users\/8"}],"replies":[{"embeddable":true,"href":"https:\/\/corrientesdetarde.com\/index.php\/wp-json\/wp\/v2\/comments?post=224174"}],"version-history":[{"count":1,"href":"https:\/\/corrientesdetarde.com\/index.php\/wp-json\/wp\/v2\/posts\/224174\/revisions"}],"predecessor-version":[{"id":224179,"href":"https:\/\/corrientesdetarde.com\/index.php\/wp-json\/wp\/v2\/posts\/224174\/revisions\/224179"}],"wp:featuredmedia":[{"embeddable":true,"href":"https:\/\/corrientesdetarde.com\/index.php\/wp-json\/wp\/v2\/media\/224178"}],"wp:attachment":[{"href":"https:\/\/corrientesdetarde.com\/index.php\/wp-json\/wp\/v2\/media?parent=224174"}],"wp:term":[{"taxonomy":"category","embeddable":true,"href":"https:\/\/corrientesdetarde.com\/index.php\/wp-json\/wp\/v2\/categories?post=224174"},{"taxonomy":"post_tag","embeddable":true,"href":"https:\/\/corrientesdetarde.com\/index.php\/wp-json\/wp\/v2\/tags?post=224174"}],"curies":[{"name":"wp","href":"https:\/\/api.w.org\/{rel}","templated":true}]}}