{"id":224180,"date":"2025-08-26T13:35:19","date_gmt":"2025-08-26T16:35:19","guid":{"rendered":"https:\/\/corrientesdetarde.com\/?p=224180"},"modified":"2025-08-26T13:35:33","modified_gmt":"2025-08-26T16:35:33","slug":"la-municipalidad-ofrece-clases-gratuitas-de-calistenia-en-la-playa-arazaty","status":"publish","type":"post","link":"https:\/\/corrientesdetarde.com\/index.php\/deportes\/la-municipalidad-ofrece-clases-gratuitas-de-calistenia-en-la-playa-arazaty\/","title":{"rendered":"La Municipalidad ofrece clases gratuitas de calistenia en la playa Arazaty"},"content":{"rendered":"\n<p><em>Con profesores especializados y cupos limitados, las clases se dictan tres veces por semana en el parque especializado para esta actividad deportiva. Est\u00e1 destinado a j\u00f3venes y adultos desde los 16 a\u00f1os, y el \u00fanico requisito es presentar un apto m\u00e9dico.<\/em><\/p>\n\n\n\n<p>La Municipalidad de Corrientes, a trav\u00e9s del programa Muni Joven, viene implementando clases gratuitas de calistenia en el primer parque especializado de la ciudad, ubicado en la playa Arazaty. La propuesta est\u00e1 dirigida a j\u00f3venes y adultos desde los 16 a\u00f1os, con inscripci\u00f3n previa y la presentaci\u00f3n de un apto m\u00e9dico.<\/p>\n\n\n\n<p>La subsecretaria de Modernizaci\u00f3n, Mar\u00eda Cruz Silvero, destac\u00f3 que \u201ceste espacio est\u00e1 pensado para que los j\u00f3venes puedan desarrollar una actividad deportiva en un entorno al aire libre, en un lugar emblem\u00e1tico como lo es la playa Arazaty\u201d. Record\u00f3 que el parque fue inaugurado el a\u00f1o pasado gracias a la gesti\u00f3n del intendente Eduardo Tassano junto al secretario de Coordinaci\u00f3n de Gobierno, Hugo \u201cCuqui\u201d Calvano.<\/p>\n\n\n\n<p>En ese sentido, subray\u00f3 que la iniciativa busca \u201cno solo promover el deporte, sino tambi\u00e9n ofrecer espacios de recreaci\u00f3n, diversi\u00f3n y contenci\u00f3n, porque sabemos que a trav\u00e9s del deporte se pueden abordar muchas problem\u00e1ticas sociales\u201d.<\/p>\n\n\n\n<p>Las clases se dictan lunes, mi\u00e9rcoles y viernes, de 14 a 16, de manera gratuita, a cargo de los profesores Maximiliano y Dante, quienes acompa\u00f1an a los alumnos en el aprendizaje y perfeccionamiento de t\u00e9cnicas. \u201cAl finalizar cada mes se realiza una peque\u00f1a exhibici\u00f3n donde los participantes muestran todo lo aprendido\u201d, agreg\u00f3 Silvero.<\/p>\n\n\n\n<p>Por su parte, el profesor Maximiliano Gim\u00e9nez explic\u00f3 que la calistenia es un deporte de gran crecimiento en la regi\u00f3n: \u201cSe practica al aire libre y con el propio peso del cuerpo. No se necesitan muchos materiales, simplemente unas barras y, si hay arena, mejor\u201d.<\/p>\n\n\n\n<p>Asimismo, valor\u00f3 el respaldo del Municipio: \u201cTuve la oportunidad de presentar el proyecto y gracias a la gesti\u00f3n del intendente Tassano y de Cuqui Calvano se pudo concretar este primer parque de la ciudad. Hoy no solo vienen j\u00f3venes de Corrientes, sino tambi\u00e9n del Chaco\u201d.<\/p>\n\n\n\n<p>Con entusiasmo, invit\u00f3 a m\u00e1s personas a sumarse: \u201cMe gustar\u00eda que quienes ven nuestros entrenamientos no se queden solo mirando, sino que pregunten, se acerquen y se animen a aprender. Estamos ac\u00e1 para transmitir lo que sabemos, porque la calistenia est\u00e1 en auge y queremos que siga creciendo en la comunidad\u201d.<\/p>\n\n\n\n<p>Uno de los participantes, Santiago, comparti\u00f3 su experiencia: \u201cEs mi primera vez en este deporte y me parece muy interesante. Ayuda bastante con la fuerza, m\u00e1s que el gimnasio incluso, porque tambi\u00e9n trabaja la estabilidad de brazos y la fuerza de mu\u00f1eca. Lo recomendar\u00eda a personas de cualquier edad\u201d.<\/p>\n\n\n\n<p>Hay que se\u00f1alar que las personas interesadas en sumarse a las clases gratuitas de calistenia en la playa Arazaty, pueden hacerlo inscribi\u00e9ndose en las redes sociales de Muni Joven.<\/p>\n\n\n\n<p><em><a href=\"https:\/\/ciudaddecorrientes.us12.list-manage.com\/track\/click?u=253e4bcff71216c6af771c3c9&amp;id=fbb92b3206&amp;e=17643edfa8\" target=\"_blank\" rel=\"noreferrer noopener\">Nota de TV:<\/a>&nbsp;Mar\u00eda Cruz Silvero, subsecretaria de Modernizaci\u00f3n;&nbsp;Maximiliano Gim\u00e9nez, profesor; y Santiago,&nbsp;participante. .<\/em><\/p>\n\n\n\n<figure class=\"wp-block-image size-large\"><img loading=\"lazy\" decoding=\"async\" width=\"1024\" height=\"682\" src=\"https:\/\/corrientesdetarde.com\/wp-content\/uploads\/2025\/08\/image-1026-1024x682.png\" alt=\"\" class=\"wp-image-224181\" srcset=\"https:\/\/corrientesdetarde.com\/wp-content\/uploads\/2025\/08\/image-1026-1024x682.png 1024w, https:\/\/corrientesdetarde.com\/wp-content\/uploads\/2025\/08\/image-1026-300x200.png 300w, https:\/\/corrientesdetarde.com\/wp-content\/uploads\/2025\/08\/image-1026-768x512.png 768w, https:\/\/corrientesdetarde.com\/wp-content\/uploads\/2025\/08\/image-1026.png 1280w\" sizes=\"auto, (max-width: 1024px) 100vw, 1024px\" \/><\/figure>\n\n\n\n<figure class=\"wp-block-image size-large\"><img loading=\"lazy\" decoding=\"async\" width=\"1024\" height=\"682\" src=\"https:\/\/corrientesdetarde.com\/wp-content\/uploads\/2025\/08\/image-1027-1024x682.png\" alt=\"\" class=\"wp-image-224182\" srcset=\"https:\/\/corrientesdetarde.com\/wp-content\/uploads\/2025\/08\/image-1027-1024x682.png 1024w, https:\/\/corrientesdetarde.com\/wp-content\/uploads\/2025\/08\/image-1027-300x200.png 300w, https:\/\/corrientesdetarde.com\/wp-content\/uploads\/2025\/08\/image-1027-768x512.png 768w, https:\/\/corrientesdetarde.com\/wp-content\/uploads\/2025\/08\/image-1027.png 1280w\" sizes=\"auto, (max-width: 1024px) 100vw, 1024px\" \/><\/figure>\n\n\n\n<figure class=\"wp-block-image size-large\"><img loading=\"lazy\" decoding=\"async\" width=\"1024\" height=\"682\" src=\"https:\/\/corrientesdetarde.com\/wp-content\/uploads\/2025\/08\/image-1028-1024x682.png\" alt=\"\" class=\"wp-image-224183\" srcset=\"https:\/\/corrientesdetarde.com\/wp-content\/uploads\/2025\/08\/image-1028-1024x682.png 1024w, https:\/\/corrientesdetarde.com\/wp-content\/uploads\/2025\/08\/image-1028-300x200.png 300w, https:\/\/corrientesdetarde.com\/wp-content\/uploads\/2025\/08\/image-1028-768x512.png 768w, https:\/\/corrientesdetarde.com\/wp-content\/uploads\/2025\/08\/image-1028.png 1280w\" sizes=\"auto, (max-width: 1024px) 100vw, 1024px\" \/><\/figure>\n\n\n\n<figure class=\"wp-block-image size-large\"><img loading=\"lazy\" decoding=\"async\" width=\"1024\" height=\"682\" src=\"https:\/\/corrientesdetarde.com\/wp-content\/uploads\/2025\/08\/image-1029-1024x682.png\" alt=\"\" class=\"wp-image-224184\" srcset=\"https:\/\/corrientesdetarde.com\/wp-content\/uploads\/2025\/08\/image-1029-1024x682.png 1024w, https:\/\/corrientesdetarde.com\/wp-content\/uploads\/2025\/08\/image-1029-300x200.png 300w, https:\/\/corrientesdetarde.com\/wp-content\/uploads\/2025\/08\/image-1029-768x512.png 768w, https:\/\/corrientesdetarde.com\/wp-content\/uploads\/2025\/08\/image-1029.png 1280w\" sizes=\"auto, (max-width: 1024px) 100vw, 1024px\" \/><\/figure>\n\n\n\n<figure class=\"wp-block-image size-large\"><img loading=\"lazy\" decoding=\"async\" width=\"1024\" height=\"682\" src=\"https:\/\/corrientesdetarde.com\/wp-content\/uploads\/2025\/08\/image-1030-1024x682.png\" alt=\"\" class=\"wp-image-224185\" srcset=\"https:\/\/corrientesdetarde.com\/wp-content\/uploads\/2025\/08\/image-1030-1024x682.png 1024w, https:\/\/corrientesdetarde.com\/wp-content\/uploads\/2025\/08\/image-1030-300x200.png 300w, https:\/\/corrientesdetarde.com\/wp-content\/uploads\/2025\/08\/image-1030-768x512.png 768w, https:\/\/corrientesdetarde.com\/wp-content\/uploads\/2025\/08\/image-1030.png 1280w\" sizes=\"auto, (max-width: 1024px) 100vw, 1024px\" \/><\/figure>\n\n\n\n<figure class=\"wp-block-image size-large\"><img loading=\"lazy\" decoding=\"async\" width=\"1024\" height=\"682\" src=\"https:\/\/corrientesdetarde.com\/wp-content\/uploads\/2025\/08\/image-1031-1024x682.png\" alt=\"\" class=\"wp-image-224186\" srcset=\"https:\/\/corrientesdetarde.com\/wp-content\/uploads\/2025\/08\/image-1031-1024x682.png 1024w, https:\/\/corrientesdetarde.com\/wp-content\/uploads\/2025\/08\/image-1031-300x200.png 300w, https:\/\/corrientesdetarde.com\/wp-content\/uploads\/2025\/08\/image-1031-768x512.png 768w, https:\/\/corrientesdetarde.com\/wp-content\/uploads\/2025\/08\/image-1031.png 1280w\" sizes=\"auto, (max-width: 1024px) 100vw, 1024px\" \/><\/figure>\n","protected":false},"excerpt":{"rendered":"<p>Con profesores especializados y cupos limitados, las clases se dictan tres veces por semana en el parque especializado para esta actividad deportiva. Est\u00e1 destinado a j\u00f3venes y adultos desde los&hellip; <\/p>\n","protected":false},"author":8,"featured_media":224185,"comment_status":"closed","ping_status":"open","sticky":false,"template":"","format":"standard","meta":{"footnotes":""},"categories":[4],"tags":[],"class_list":["post-224180","post","type-post","status-publish","format-standard","has-post-thumbnail","hentry","category-deportes"],"_links":{"self":[{"href":"https:\/\/corrientesdetarde.com\/index.php\/wp-json\/wp\/v2\/posts\/224180","targetHints":{"allow":["GET"]}}],"collection":[{"href":"https:\/\/corrientesdetarde.com\/index.php\/wp-json\/wp\/v2\/posts"}],"about":[{"href":"https:\/\/corrientesdetarde.com\/index.php\/wp-json\/wp\/v2\/types\/post"}],"author":[{"embeddable":true,"href":"https:\/\/corrientesdetarde.com\/index.php\/wp-json\/wp\/v2\/users\/8"}],"replies":[{"embeddable":true,"href":"https:\/\/corrientesdetarde.com\/index.php\/wp-json\/wp\/v2\/comments?post=224180"}],"version-history":[{"count":1,"href":"https:\/\/corrientesdetarde.com\/index.php\/wp-json\/wp\/v2\/posts\/224180\/revisions"}],"predecessor-version":[{"id":224187,"href":"https:\/\/corrientesdetarde.com\/index.php\/wp-json\/wp\/v2\/posts\/224180\/revisions\/224187"}],"wp:featuredmedia":[{"embeddable":true,"href":"https:\/\/corrientesdetarde.com\/index.php\/wp-json\/wp\/v2\/media\/224185"}],"wp:attachment":[{"href":"https:\/\/corrientesdetarde.com\/index.php\/wp-json\/wp\/v2\/media?parent=224180"}],"wp:term":[{"taxonomy":"category","embeddable":true,"href":"https:\/\/corrientesdetarde.com\/index.php\/wp-json\/wp\/v2\/categories?post=224180"},{"taxonomy":"post_tag","embeddable":true,"href":"https:\/\/corrientesdetarde.com\/index.php\/wp-json\/wp\/v2\/tags?post=224180"}],"curies":[{"name":"wp","href":"https:\/\/api.w.org\/{rel}","templated":true}]}}