{"id":224188,"date":"2025-08-26T13:37:22","date_gmt":"2025-08-26T16:37:22","guid":{"rendered":"https:\/\/corrientesdetarde.com\/?p=224188"},"modified":"2025-08-26T13:37:49","modified_gmt":"2025-08-26T16:37:49","slug":"se-abre-la-convocatoria-para-el-selectivo-de-capital-de-los-juegos-culturales-correntinos","status":"publish","type":"post","link":"https:\/\/corrientesdetarde.com\/index.php\/cultura\/se-abre-la-convocatoria-para-el-selectivo-de-capital-de-los-juegos-culturales-correntinos\/","title":{"rendered":"Se abre la convocatoria para el selectivo de\u00a0Capital de los Juegos Culturales Correntinos"},"content":{"rendered":"\n<p>El Instituto de Cultura de Corrientes (ICC) abre la convocatoria para participar de la instancia municipal de los Juegos Culturales Correntinos 2025, en la ciudad de Corrientes, que se desarrolla bajo el lema \u201c20 a\u00f1os sembrando talentos\u201d. Este selectivo se realizar\u00e1 el martes 16 de septiembre, a partir de las 9, en el Museo de Ciencias Naturales Amado Bonpland, ubicado en Av. Costanera Gral. San Mart\u00edn 100.<\/p>\n\n\n\n<p>Este programa organizado por el Gobierno de la Provincia, a trav\u00e9s del ICC, est\u00e1 destinado a j\u00f3venes de 12 a 18 a\u00f1os, y adultos mayores (m\u00e1s de 60 a\u00f1os) que se destaquen en las disciplinas de canto, conjunto musical, danza, teatro, freestyle, pintura\/dibujo, cuento, poes\u00eda, fotograf\u00eda, historieta y videominuto.<\/p>\n\n\n\n<p>Los capitalinos interesados en formar parte de este programa, que se realiza hace 20 a\u00f1os en la provincia, deber\u00e1n escribir al correo&nbsp;<a href=\"mailto:juegoscorrentinos@gmail.com\" target=\"_blank\" rel=\"noreferrer noopener\">juegoscorrentinos@gmail.com<\/a>&nbsp;o enviar un mensaje a los siguientes contactos: 379-4559413 o 379-4224720 (WhatsApp, 8 a 14).<\/p>\n\n\n\n<p>En el caso de las disciplinas esc\u00e9nicas, como el caso de canto, conjunto musical, danza, teatro y freestyle, har\u00e1n su presentaci\u00f3n el martes 16 de septiembre. En tanto el resto tendr\u00e1 que presentar sus obras una semana antes. En ambos casos, la fecha l\u00edmite para anotarse ser\u00e1 el viernes 12 de septiembre. Los ganadores del selectivo de Capital pasar\u00e1n a la etapa zonal a desarrollarse entre los meses de octubre y noviembre, en distintas localidades del interior provincial.<\/p>\n\n\n\n<p>En paralelo, se abrieron las convocatorias en las distintas localidades adheridas al programa y quienes deseen formar parte deber\u00e1n acercarse a las direcciones de Cultura de sus respectivas comunas.<\/p>\n\n\n\n<p><strong>Instancias<\/strong><\/p>\n\n\n\n<p>La primera etapa del certamen se extender\u00e1 hasta el 16 de septiembre. En este periodo, cada una de las comunas que adhieran al programa realizar\u00e1 su instancia local \u2013en ediciones anteriores lo hicieron m\u00e1s de 35 municipios-.<\/p>\n\n\n\n<p>El Instituto de Cultura ya solicit\u00f3 adem\u00e1s que los municipios interesados se postulen para ser sede de los zonales, a desarrollarse del 26 de septiembre al 7 de noviembre, en cinco localidades de la provincia, y se program\u00f3 la gran final para fines de noviembre. Los ganadores recibir\u00e1n una premiaci\u00f3n y reconocimiento de parte del organismo provincial.<\/p>\n\n\n\n<p><strong>Participaci\u00f3n<\/strong><\/p>\n\n\n\n<p>Los Juegos Culturales Correntinos se realizan desde el 2006 con el objetivo de fomentar la actividad art\u00edstica y creativa entre los ni\u00f1os y adolescentes -y tambi\u00e9n de los adultos mayores-, particularmente aquellos que se encuentran en situaci\u00f3n de mayor vulnerabilidad social, generando mayores posibilidades de inclusi\u00f3n social a trav\u00e9s del arte.<\/p>\n\n\n\n<p>Pueden participar j\u00f3venes de 12 a 18 a\u00f1os, adultos mayores y personas con discapacidad (12 a 18 a\u00f1os) en las disciplinas: canto solista, danza (individual y pareja), conjunto musical, teatro (unipersonal y grupal), dibujo\/pintura, cuento, poes\u00eda, fotograf\u00eda, historieta, videominuto y freestyle.<\/p>\n\n\n\n<p>Quienes sean elegidos en cada una de las disciplinas art\u00edsticas, formar\u00e1n parte de la final provincial y recibir\u00e1n una premiaci\u00f3n de parte del Instituto de Cultura de Corrientes.<\/p>\n\n\n\n<figure class=\"wp-block-image size-full\"><img loading=\"lazy\" decoding=\"async\" width=\"690\" height=\"460\" src=\"https:\/\/corrientesdetarde.com\/wp-content\/uploads\/2025\/08\/image-1032.png\" alt=\"\" class=\"wp-image-224189\" srcset=\"https:\/\/corrientesdetarde.com\/wp-content\/uploads\/2025\/08\/image-1032.png 690w, https:\/\/corrientesdetarde.com\/wp-content\/uploads\/2025\/08\/image-1032-300x200.png 300w\" sizes=\"auto, (max-width: 690px) 100vw, 690px\" \/><\/figure>\n\n\n\n<figure class=\"wp-block-image size-full\"><img loading=\"lazy\" decoding=\"async\" width=\"690\" height=\"460\" src=\"https:\/\/corrientesdetarde.com\/wp-content\/uploads\/2025\/08\/image-1033.png\" alt=\"\" class=\"wp-image-224190\" srcset=\"https:\/\/corrientesdetarde.com\/wp-content\/uploads\/2025\/08\/image-1033.png 690w, https:\/\/corrientesdetarde.com\/wp-content\/uploads\/2025\/08\/image-1033-300x200.png 300w\" sizes=\"auto, (max-width: 690px) 100vw, 690px\" \/><\/figure>\n\n\n\n<figure class=\"wp-block-image size-full\"><img loading=\"lazy\" decoding=\"async\" width=\"690\" height=\"460\" src=\"https:\/\/corrientesdetarde.com\/wp-content\/uploads\/2025\/08\/image-1034.png\" alt=\"\" class=\"wp-image-224191\" srcset=\"https:\/\/corrientesdetarde.com\/wp-content\/uploads\/2025\/08\/image-1034.png 690w, https:\/\/corrientesdetarde.com\/wp-content\/uploads\/2025\/08\/image-1034-300x200.png 300w\" sizes=\"auto, (max-width: 690px) 100vw, 690px\" \/><\/figure>\n\n\n\n<figure class=\"wp-block-image size-full\"><img loading=\"lazy\" decoding=\"async\" width=\"690\" height=\"460\" src=\"https:\/\/corrientesdetarde.com\/wp-content\/uploads\/2025\/08\/image-1035.png\" alt=\"\" class=\"wp-image-224192\" srcset=\"https:\/\/corrientesdetarde.com\/wp-content\/uploads\/2025\/08\/image-1035.png 690w, https:\/\/corrientesdetarde.com\/wp-content\/uploads\/2025\/08\/image-1035-300x200.png 300w\" sizes=\"auto, (max-width: 690px) 100vw, 690px\" \/><\/figure>\n","protected":false},"excerpt":{"rendered":"<p>El Instituto de Cultura de Corrientes (ICC) abre la convocatoria para participar de la instancia municipal de los Juegos Culturales Correntinos 2025, en la ciudad de Corrientes, que se desarrolla&hellip; <\/p>\n","protected":false},"author":8,"featured_media":224191,"comment_status":"closed","ping_status":"open","sticky":false,"template":"","format":"standard","meta":{"footnotes":""},"categories":[15],"tags":[],"class_list":["post-224188","post","type-post","status-publish","format-standard","has-post-thumbnail","hentry","category-cultura"],"_links":{"self":[{"href":"https:\/\/corrientesdetarde.com\/index.php\/wp-json\/wp\/v2\/posts\/224188","targetHints":{"allow":["GET"]}}],"collection":[{"href":"https:\/\/corrientesdetarde.com\/index.php\/wp-json\/wp\/v2\/posts"}],"about":[{"href":"https:\/\/corrientesdetarde.com\/index.php\/wp-json\/wp\/v2\/types\/post"}],"author":[{"embeddable":true,"href":"https:\/\/corrientesdetarde.com\/index.php\/wp-json\/wp\/v2\/users\/8"}],"replies":[{"embeddable":true,"href":"https:\/\/corrientesdetarde.com\/index.php\/wp-json\/wp\/v2\/comments?post=224188"}],"version-history":[{"count":1,"href":"https:\/\/corrientesdetarde.com\/index.php\/wp-json\/wp\/v2\/posts\/224188\/revisions"}],"predecessor-version":[{"id":224193,"href":"https:\/\/corrientesdetarde.com\/index.php\/wp-json\/wp\/v2\/posts\/224188\/revisions\/224193"}],"wp:featuredmedia":[{"embeddable":true,"href":"https:\/\/corrientesdetarde.com\/index.php\/wp-json\/wp\/v2\/media\/224191"}],"wp:attachment":[{"href":"https:\/\/corrientesdetarde.com\/index.php\/wp-json\/wp\/v2\/media?parent=224188"}],"wp:term":[{"taxonomy":"category","embeddable":true,"href":"https:\/\/corrientesdetarde.com\/index.php\/wp-json\/wp\/v2\/categories?post=224188"},{"taxonomy":"post_tag","embeddable":true,"href":"https:\/\/corrientesdetarde.com\/index.php\/wp-json\/wp\/v2\/tags?post=224188"}],"curies":[{"name":"wp","href":"https:\/\/api.w.org\/{rel}","templated":true}]}}