{"id":224232,"date":"2025-08-26T15:29:20","date_gmt":"2025-08-26T18:29:20","guid":{"rendered":"https:\/\/corrientesdetarde.com\/?p=224232"},"modified":"2025-08-26T15:29:24","modified_gmt":"2025-08-26T18:29:24","slug":"juicio-por-ypf-la-argentina-realizara-una-defensa-contra-el-fallo-de-preska-3-dias-despues-de-las-elecciones","status":"publish","type":"post","link":"https:\/\/corrientesdetarde.com\/index.php\/economia\/juicio-por-ypf-la-argentina-realizara-una-defensa-contra-el-fallo-de-preska-3-dias-despues-de-las-elecciones\/","title":{"rendered":"Juicio por YPF: la Argentina realizar\u00e1 una defensa contra el fallo de Preska 3 d\u00edas despu\u00e9s de las elecciones"},"content":{"rendered":"\n<p>La justicia estadounidense le puso fecha a la presentaci\u00f3n oral para intentar revertir en segunda instancia el fallo que condena al pa\u00eds a pagar m\u00e1s de US$16.000 millones por la expropiaci\u00f3n de la petrolera.<\/p>\n\n\n\n<p><a href=\"https:\/\/tn.com.ar\/autor\/memanfredi\/\"><\/a><\/p>\n\n\n\n<p>La Corte de Apelaciones de Nueva York le puso fecha a la\u00a0<strong>presentaci\u00f3n oral<\/strong>\u00a0de la Argentina en la\u00a0<strong>apelaci\u00f3n de fondo\u00a0<\/strong>a la condena en primera instancia por la\u00a0<strong>expropiaci\u00f3n de\u00a0YPF<\/strong>. Ser\u00e1 el\u00a0<strong>29 de octubre<\/strong>, apenas tres d\u00edas despu\u00e9s de las elecciones legislativas. La noticia fue comunicada por la Procuraci\u00f3n del Tesoro.<\/p>\n\n\n\n<p>La Argentina est\u00e1 apelando el fallo original de la jueza&nbsp;<strong>Loretta Preska<\/strong>, de septiembre de 2023, que obliga al pa\u00eds a indemnizar con m\u00e1s de&nbsp;<strong>US$16.000 millones&nbsp;<\/strong>a los fondos que le compraron el juicio a quienes eran los&nbsp;<strong>accionistas minoritarios&nbsp;<\/strong>de YPF al momento de la estatizaci\u00f3n.<\/p>\n\n\n\n<p>Esa apelaci\u00f3n es la m\u00e1s importante para el gobierno argentino porque no solamente&nbsp;<strong>reclama que se anule la condena, sino<\/strong>&nbsp;que tambi\u00e9n&nbsp;<strong>cuestiona el monto<\/strong>&nbsp;de la sentencia que fij\u00f3 Preska.<\/p>\n\n\n\n<figure class=\"wp-block-image\"><img decoding=\"async\" src=\"https:\/\/tn.com.ar\/resizer\/v2\/la-jueza-loretta-preska-foto-reuters-3WQXBZWPVZE2LOJALSUY2MG2BY.png?auth=09042979edd15f1587200fb9c10ff926b563024013348c210e6f6b84a11ac47c&amp;width=767\" alt=\"La jueza Loretta Preska. (Foto: Reuters)\"\/><\/figure>\n\n\n\n<p>En paralelo, la Argentina est\u00e1 apelando el pedido de los demandantes de&nbsp;<strong>entregar acciones de YPF&nbsp;<\/strong>como parte de pago de esa condena.<\/p>\n\n\n\n<p>En ese proceso, el pa\u00eds ya obtuvo una buena noticia hace pocos d\u00edas, cuando la C\u00e1mara de Apelaciones dijo que el pa\u00eds\u00a0no tendr\u00e1 que hacer entrega de su capital\u00a0en la petrolera hasta tanto\u00a0<strong>no se resuelva la apelaci\u00f3n de fondo sobre esa orden\u00a0<\/strong>de Preska que apuntaba a que los demandantes puedan empezar a cobrar de alguna manera.<\/p>\n\n\n\n<p>Los&nbsp;<strong>argumentos escritos<\/strong>&nbsp;de ese procedimiento por parte de la Argentina se presentar\u00e1n el&nbsp;<strong>25 de septiembre<\/strong>. Luego, ser\u00e1 el turno de los beneficiarios del fallo. Reci\u00e9n despu\u00e9s podr\u00eda haber alguna resoluci\u00f3n.<\/p>\n\n\n\n<h2 class=\"wp-block-heading\">Caso Cup\u00f3n PBI: una buena noticia para la Argentina<\/h2>\n\n\n\n<p>La Procuraci\u00f3n del Tesoro tambi\u00e9n inform\u00f3 que la<strong>&nbsp;C\u00e1mara de Apelaciones&nbsp;<\/strong>del segundo circuito de los Estados Unidos, con sede en Nueva York,<strong>&nbsp;rechaz\u00f3 un pedido del fondo&nbsp;<\/strong><em><strong>Aurelius<\/strong><\/em>&nbsp;en la causa conocida como&nbsp;<strong>Cup\u00f3n PBI.<\/strong><\/p>\n\n\n\n<p>Los demandantes hab\u00edan solicitado una\u00a0<strong>revisi\u00f3n<\/strong>\u00a0de la decisi\u00f3n previa de esa instancia judicial, que el mes pasado\u00a0hab\u00eda rechazado la apelaci\u00f3n\u00a0de los demandantes y hab\u00eda confirmado as\u00ed la sentencia dictada en julio de 2024 por la jueza Preska.<\/p>\n\n\n\n<p>\u201cEn dicha sentencia se fall\u00f3 a favor de la Rep\u00fablica Argentina al determinar que los demandantes n<strong>o hab\u00edan cumplido con la cl\u00e1usula de \u201cNo acci\u00f3n\u201d<\/strong>&nbsp;prevista en los contratos&#8221;, destac\u00f3 la Procuraci\u00f3n. Y agreg\u00f3 que esta novedad evita un&nbsp;<strong>potencial pago de US$500 millones<\/strong>.<\/p>\n\n\n\n<p>La cl\u00e1usula de \u201cNo acci\u00f3n\u201d establece una serie de&nbsp;<strong>requisitos que los bonistas deben respetar&nbsp;<\/strong>antes de iniciar acciones judiciales. Tanto Preska como la segunda instancia judicial consideraron que&nbsp;<em>Aurelius&nbsp;<\/em>no cumpli\u00f3 con esos pasos previos.<\/p>\n\n\n\n<figure class=\"wp-block-image\"><img decoding=\"async\" src=\"https:\/\/tn.com.ar\/resizer\/v2\/la-argentina-enfrenta-varios-procesos-judiciales-en-los-tribunales-estadounidenses-foto-andrew-kellyreuters-2BCTDAC2Q5C3XDLODED46H4TOI.jpg?auth=c361a40ab52b9e18694959cd9811f9f8151095386ec4d9ade8115450cf8289b7&amp;width=767\" alt=\"La Argentina enfrenta varios procesos judiciales en los tribunales estadounidenses. (Foto: Andrew Kelly\/Reuters).\"\/><\/figure>\n\n\n\n<p><strong>Sebasti\u00e1n Maril<\/strong>, analista de&nbsp;<em>Latam Advisors<\/em>&nbsp;que sigue los litigios internacionales contra la Argentina, advirti\u00f3 en su cuenta de&nbsp;<em>X&nbsp;<\/em>que se espera que&nbsp;<em>Aurelius Capital<\/em>&nbsp;y otros fondos presenten el caso nuevamente en la corte de la jueza Preska&nbsp;<strong>\u201ccorrigiendo\u201d el tecnicismo<\/strong>&nbsp;que llev\u00f3 a la magistrada neoyorquina a fallar a favor de la Argentina.<\/p>\n\n\n\n<p>El caso del Cup\u00f3n PBI\u00a0tiene varios reclamos abiertos\u00a0en\u00a0<strong>Estados Unidos<\/strong>\u00a0y una\u00a0sentencia firme en Londres, por la versi\u00f3n en euros de ese bono que deb\u00eda abonar intereses en funci\u00f3n del crecimiento econ\u00f3mico argentino. El reclamo principal de los demandantes est\u00e1 ligado a una\u00a0<strong>supuesta manipulaci\u00f3n de estad\u00edsticas\u00a0<\/strong>para evitar el pago de los cupones.<\/p>\n\n\n\n<p><\/p>\n","protected":false},"excerpt":{"rendered":"<p>La justicia estadounidense le puso fecha a la presentaci\u00f3n oral para intentar revertir en segunda instancia el fallo que condena al pa\u00eds a pagar m\u00e1s de US$16.000 millones por la&hellip; <\/p>\n","protected":false},"author":8,"featured_media":224233,"comment_status":"closed","ping_status":"open","sticky":false,"template":"","format":"standard","meta":{"footnotes":""},"categories":[20],"tags":[],"class_list":["post-224232","post","type-post","status-publish","format-standard","has-post-thumbnail","hentry","category-economia"],"_links":{"self":[{"href":"https:\/\/corrientesdetarde.com\/index.php\/wp-json\/wp\/v2\/posts\/224232","targetHints":{"allow":["GET"]}}],"collection":[{"href":"https:\/\/corrientesdetarde.com\/index.php\/wp-json\/wp\/v2\/posts"}],"about":[{"href":"https:\/\/corrientesdetarde.com\/index.php\/wp-json\/wp\/v2\/types\/post"}],"author":[{"embeddable":true,"href":"https:\/\/corrientesdetarde.com\/index.php\/wp-json\/wp\/v2\/users\/8"}],"replies":[{"embeddable":true,"href":"https:\/\/corrientesdetarde.com\/index.php\/wp-json\/wp\/v2\/comments?post=224232"}],"version-history":[{"count":1,"href":"https:\/\/corrientesdetarde.com\/index.php\/wp-json\/wp\/v2\/posts\/224232\/revisions"}],"predecessor-version":[{"id":224234,"href":"https:\/\/corrientesdetarde.com\/index.php\/wp-json\/wp\/v2\/posts\/224232\/revisions\/224234"}],"wp:featuredmedia":[{"embeddable":true,"href":"https:\/\/corrientesdetarde.com\/index.php\/wp-json\/wp\/v2\/media\/224233"}],"wp:attachment":[{"href":"https:\/\/corrientesdetarde.com\/index.php\/wp-json\/wp\/v2\/media?parent=224232"}],"wp:term":[{"taxonomy":"category","embeddable":true,"href":"https:\/\/corrientesdetarde.com\/index.php\/wp-json\/wp\/v2\/categories?post=224232"},{"taxonomy":"post_tag","embeddable":true,"href":"https:\/\/corrientesdetarde.com\/index.php\/wp-json\/wp\/v2\/tags?post=224232"}],"curies":[{"name":"wp","href":"https:\/\/api.w.org\/{rel}","templated":true}]}}