{"id":224248,"date":"2025-08-26T16:09:24","date_gmt":"2025-08-26T19:09:24","guid":{"rendered":"https:\/\/corrientesdetarde.com\/?p=224248"},"modified":"2025-08-26T16:09:36","modified_gmt":"2025-08-26T19:09:36","slug":"el-llanto-de-la-esposa-de-bruce-willis-por-la-delicada-salud-del-actor-es-dificil-verlo","status":"publish","type":"post","link":"https:\/\/corrientesdetarde.com\/index.php\/espectaculos\/el-llanto-de-la-esposa-de-bruce-willis-por-la-delicada-salud-del-actor-es-dificil-verlo\/","title":{"rendered":"El llanto de la esposa de Bruce Willis por la delicada salud del actor: \u201cEs dif\u00edcil verlo\u201d"},"content":{"rendered":"\n<p>Emma Heming dio una entrevista en la que se refiri\u00f3 a la enfermedad del protagonista de \u201cDuro de matar\u201d.<\/p>\n\n\n\n<p>Por primera vez en muchos meses,<strong>\u00a0Emma Heming<\/strong>\u00a0habl\u00f3 sobre la dif\u00edcil situaci\u00f3n de salud que vive\u00a0<strong>Bruce Willis<\/strong> desde que le diagnosticaron<strong>\u00a0demencia frontotemporal<\/strong>\u00a0hace tres a\u00f1os.<\/p>\n\n\n\n<p>La influencer dio una entrevista muy emotiva en el ciclo&nbsp;<em>Good Morning America<\/em>&nbsp;en donde cont\u00f3 c\u00f3mo se adapt\u00f3 la familia del actor a comunicarse con \u00e9l.<\/p>\n\n\n\n<h2 class=\"wp-block-heading\">Qu\u00e9 dijo Emma Heming sobre la salud de Bruce Willis<\/h2>\n\n\n\n<p>Durante la charla con&nbsp;<strong>Diane Sawyer<\/strong>, Emma Heming expres\u00f3 que si bien el protagonista de<em>&nbsp;Duro de Matar<\/em>&nbsp;\u201cest\u00e1 en buena saludo a pesar de todo\u201d a nivel f\u00edsico, el gran problema que tiene&nbsp;<strong>\u201ces que le est\u00e1 fallando su cerebro\u201d<\/strong>.<\/p>\n\n\n\n<p>Cuando le preguntaron por el problema del habla en el actor, su pareja fue terminante. \u201cS\u00ed,&nbsp;<strong>el habla se le est\u00e1 yendo.<\/strong>&nbsp;Aprendimos a adaptarnos y tenemos una forma de comunicarnos con \u00e9l que es simplemente diferente\u201d, enfatiz\u00f3 la exmodelo.<\/p>\n\n\n\n<figure class=\"wp-block-image\"><img decoding=\"async\" src=\"https:\/\/tn.com.ar\/resizer\/v2\/emma-heming-y-bruce-willis-en-una-foto-muy-tierna-foto-instagramemmahemingwillis-4UTULXILBFDB7BVA6GFR5UNTEE.JPG?auth=0f73f451152c97a42d746351fc23d2dc8f5c345d48afced099ae9ae4d15a9379&amp;width=767\" alt=\"Emma Heming y Bruce Willis, en una foto muy tierna. (Foto: Instagram\/emmahemingwillis)\"\/><\/figure>\n\n\n\n<p>Heming conmovi\u00f3 con la manera de contar las situaciones que lo conectan a su esposo. Muchos de estos instantes tienen que ver con el humor, una de las caracter\u00edsticas m\u00e1s destacadas de Willis.<\/p>\n\n\n\n<p><strong>\u201c\u00bfHay d\u00edas en los que es Bruce otra vez?\u201c<\/strong>, busc\u00f3 saber Sawyer. \u201dS\u00ed, o sea, todav\u00eda tenemos esos d\u00edas. No d\u00edas, pero tenemos momentos. Es su risa. Tiene una risa tan sincera y a veces ves ese brillo en sus ojos o esa sonrisa burlona y simplemente me transporto&#8221;, dijo, con la voz quebrada.<\/p>\n\n\n\n<p>Notablemente conmovida por el recuerdo de lo que fue Bruce en el pasado, Heming&nbsp;<strong>se mostr\u00f3 sincera<\/strong>&nbsp;sobre este complicado presente que le toca a ella y a toda la familia del actor.<\/p>\n\n\n\n<p>\u201cEs dif\u00edcil verlo porque esos momentos aparecen r\u00e1pidamente y luego se van.&nbsp;<strong>Es duro, pero estoy agradecida de que mi esposo todav\u00eda est\u00e9 aqu\u00ed<\/strong>\u201d, lanz\u00f3.<\/p>\n\n\n\n<h2 class=\"wp-block-heading\">La desgarradora carta de una de las hijas de Bruce Willis<\/h2>\n\n\n\n<p>Hace poco, una de las hijas m\u00e1s grandes de Willis escribi\u00f3 un sensible texto dedicado a su padre al que le sum\u00f3 varias fotos in\u00e9ditas del h\u00e9roe de&nbsp;<em>Duro de Matar&nbsp;<\/em>en la actualidad y, tambi\u00e9n, en el pasado.<\/p>\n\n\n\n<p>\u201cHoy es un d\u00eda dif\u00edcil.&nbsp;<strong>Siento un profundo dolor en el pecho&nbsp;<\/strong>por hablar con vos y contarte todo lo que hago y lo que pasa en mi vida. Por abrazarte y preguntarte sobre la vida, tus historias, tus luchas y tus \u00e9xitos.<strong>&nbsp;Ojal\u00e1 te hubiera hecho m\u00e1s preguntas<\/strong>&nbsp;mientras a\u00fan pod\u00edas cont\u00e1rmelo todo\u201d, reflexion\u00f3 con tristeza la joven que tambi\u00e9n es hija de Demi Moore.<\/p>\n\n\n\n<p>En el posteo, Rumer comparti\u00f3 varias im\u00e1genes de cuando ella era m\u00e1s chica, pero tambi\u00e9n le sum\u00f3 una del actor con su nieta Louetta y otra en la que se lo ve junto a ella en la actualidad.<\/p>\n\n\n\n<figure class=\"wp-block-image\"><img decoding=\"async\" src=\"https:\/\/tn.com.ar\/resizer\/v2\/bruce-willis-junto-a-demi-moore-y-a-las-tres-hijas-que-tuvo-con-ella-rumer-scout-y-tallulah-foto-instagramdemimoore-QBE7KX7YPRBH7GFY4KRAL4IJLU.jpg?auth=159d3420bc2476fb5d664a36fe3fba8534b0de27dc2a2ded98d5d72d7f4767ff&amp;width=767\" alt=\"Bruce Willis junto a Demi Moore y a las tres hijas que tuvo con ella, Rumer, Scout y Tallulah. (Foto: Instagram\/demimoore)\"\/><\/figure>\n\n\n\n<p>\u201cS\u00e9 que no querr\u00edas que estuviera triste hoy, as\u00ed que intentar\u00e9 agradecerte record\u00e1ndome lo afortunada que soy de que seas mi pap\u00e1 y de que todav\u00eda est\u00e9s conmigo y que todav\u00eda pueda abrazarte,<strong>&nbsp;besarte la mejilla y acariciarte la cabeza\u201d<\/strong>, expuso en el D\u00eda del Padre.<\/p>\n\n\n\n<p>La joven remarc\u00f3 la conexi\u00f3n que, en medio de la enfermedad que transita el actor, puede tener con \u00e9l. \u201cPuedo contarte historias. Puedo ver c\u00f3mo se te iluminan los ojos cuando ves a Louetta.&nbsp;<strong>Estar\u00e9 agradecida por cada momento que tenga con vos.<\/strong>&nbsp;Te quiero mucho, pap\u00e1 y feliz D\u00eda del Padre\u201d, cerr\u00f3.<\/p>\n\n\n\n<p><strong>A Bruce Willis le diagnosticaron demencia frontotemporal en 2022,&nbsp;<\/strong>una enfermedad neurodegenerativa que provoca trastornos cognitivos severos.<\/p>\n","protected":false},"excerpt":{"rendered":"<p>Emma Heming dio una entrevista en la que se refiri\u00f3 a la enfermedad del protagonista de \u201cDuro de matar\u201d. Por primera vez en muchos meses,\u00a0Emma Heming\u00a0habl\u00f3 sobre la dif\u00edcil situaci\u00f3n&hellip; <\/p>\n","protected":false},"author":8,"featured_media":224249,"comment_status":"closed","ping_status":"open","sticky":false,"template":"","format":"standard","meta":{"footnotes":""},"categories":[19],"tags":[],"class_list":["post-224248","post","type-post","status-publish","format-standard","has-post-thumbnail","hentry","category-espectaculos"],"_links":{"self":[{"href":"https:\/\/corrientesdetarde.com\/index.php\/wp-json\/wp\/v2\/posts\/224248","targetHints":{"allow":["GET"]}}],"collection":[{"href":"https:\/\/corrientesdetarde.com\/index.php\/wp-json\/wp\/v2\/posts"}],"about":[{"href":"https:\/\/corrientesdetarde.com\/index.php\/wp-json\/wp\/v2\/types\/post"}],"author":[{"embeddable":true,"href":"https:\/\/corrientesdetarde.com\/index.php\/wp-json\/wp\/v2\/users\/8"}],"replies":[{"embeddable":true,"href":"https:\/\/corrientesdetarde.com\/index.php\/wp-json\/wp\/v2\/comments?post=224248"}],"version-history":[{"count":1,"href":"https:\/\/corrientesdetarde.com\/index.php\/wp-json\/wp\/v2\/posts\/224248\/revisions"}],"predecessor-version":[{"id":224250,"href":"https:\/\/corrientesdetarde.com\/index.php\/wp-json\/wp\/v2\/posts\/224248\/revisions\/224250"}],"wp:featuredmedia":[{"embeddable":true,"href":"https:\/\/corrientesdetarde.com\/index.php\/wp-json\/wp\/v2\/media\/224249"}],"wp:attachment":[{"href":"https:\/\/corrientesdetarde.com\/index.php\/wp-json\/wp\/v2\/media?parent=224248"}],"wp:term":[{"taxonomy":"category","embeddable":true,"href":"https:\/\/corrientesdetarde.com\/index.php\/wp-json\/wp\/v2\/categories?post=224248"},{"taxonomy":"post_tag","embeddable":true,"href":"https:\/\/corrientesdetarde.com\/index.php\/wp-json\/wp\/v2\/tags?post=224248"}],"curies":[{"name":"wp","href":"https:\/\/api.w.org\/{rel}","templated":true}]}}