{"id":224255,"date":"2025-08-26T16:18:57","date_gmt":"2025-08-26T19:18:57","guid":{"rendered":"https:\/\/corrientesdetarde.com\/?p=224255"},"modified":"2025-08-26T16:19:01","modified_gmt":"2025-08-26T19:19:01","slug":"estos-son-los-tres-iphone-mas-esperados-un-modelo-ultradelgado-el-rumoreado-plegable-y-una-version-festiva","status":"publish","type":"post","link":"https:\/\/corrientesdetarde.com\/index.php\/tecnologia\/estos-son-los-tres-iphone-mas-esperados-un-modelo-ultradelgado-el-rumoreado-plegable-y-una-version-festiva\/","title":{"rendered":"Estos son los tres iPhone m\u00e1s esperados: un modelo ultradelgado, el rumoreado plegable y una versi\u00f3n festiva"},"content":{"rendered":"\n<p>El tr\u00edo de tel\u00e9fonos del fabricante estadounidense se lanzar\u00edan de aqu\u00ed hasta el a\u00f1o 2027. \u00bfQu\u00e9 mejoras incluir\u00edan?<\/p>\n\n\n\n<p>Si bien\u00a0<strong>Apple<\/strong> esconde sus pr\u00f3ximos movimientos, en los pasillos de la industria circulan rumores y filtraciones que anticipan los pasos que seguir\u00e1. No podemos afirmar que efectivamente se concretar\u00e1n, aunque es interesante espiar los posibles lanzamientos de esta firma, que inyectar\u00eda cambios relevantes en su cat\u00e1logo, conforme se aproxima al\u00a0<strong>aniversario del primer iPhone<\/strong>, aquel que apareci\u00f3 en manos de Steve Jobs en el 2007 y protagoniz\u00f3 una verdadera revoluci\u00f3n.<\/p>\n\n\n\n<p>En el camino, la compa\u00f1\u00eda con sede central en Cupertino, California, lanzar\u00eda algunos modelos que capturan la atenci\u00f3n:&nbsp;<strong>una variante ultradelgada, el esperado iPhone plegable y, hacia el 2027, una versi\u00f3n que celebrar\u00e1 los 20 a\u00f1os de estos productos<\/strong>.<\/p>\n\n\n\n<h2 class=\"wp-block-heading\">As\u00ed ser\u00e1n los tres iPhone m\u00e1s esperados: uno flaco, otro plegable y una celebraci\u00f3n con cambios imprevistos<\/h2>\n\n\n\n<p>El primero en esta l\u00ednea es el rumoreado\u00a0<strong>iPhone 17 Air<\/strong>. Tal como se\u00f1alamos anteriormente en\u00a0<strong>TN Tecno<\/strong>, ser\u00e1 el tel\u00e9fono m\u00e1s delgado en el cat\u00e1logo hist\u00f3rico de la marca. Se ha dicho que tendr\u00e1 un cuerpo con un\u00a0<strong>grosor en torno a los 5,5 mil\u00edmetros<\/strong>, muy por debajo de la media de los iPhone.<\/p>\n\n\n\n<figure class=\"wp-block-image\"><img decoding=\"async\" src=\"https:\/\/tn.com.ar\/resizer\/v2\/cuales-seran-las-caracteristicas-del-apple-iphone-17-air-foto-creada-con-microsoft-copilot-YLHV75ILMJGYLFGDVPIIR225FI.png?auth=cf1b4f4362c2d69c76ea28a6eb8b11116fcc493c52b5d7f5e7e4edf6118f9993&amp;width=767\" alt=\"\u00bfCu\u00e1les ser\u00e1n las caracter\u00edsticas del Apple iPhone 17 Air? (Foto: Creada con Microsoft Copilot)\"\/><\/figure>\n\n\n\n<p>Con este equipo, Apple se unir\u00e1 a una tendencia que ya se puso en marcha en el negocio m\u00f3vil y que ahora tiene como principal ejemplo al\u00a0Galaxy S25 Edge de Samsung. La buena noticia es que no habr\u00e1 que esperar mucho tiempo: la\u00a0<strong>presentaci\u00f3n del iPhone 17 Air\u00a0<\/strong>se realizar\u00eda dentro de pocos d\u00edas, presuntamente el 9 de septiembre. La mala: se lanzar\u00eda con un precio bastante alto, incluso superior a de sus compa\u00f1eros de serie con especificaciones m\u00e1s robustas.<\/p>\n\n\n\n<p>Un detalle para tener en cuenta: se dice que el modelo Air reemplazar\u00e1 a la variante Plus, que brillar\u00eda por su ausencia en la serie iPhone 17.<\/p>\n\n\n\n<p>La siguiente parada nos lleva al\u00a0<strong>iPhone plegable<\/strong>\u00a0que, seg\u00fan\u00a0<em>insiders<\/em>, se anunciar\u00e1 y lanzar\u00e1 en el 2026. Todos los ca\u00f1ones apuntan a que ser\u00e1 un ejemplar con una forma similar a la de los Galaxy Fold y que, en tanto, no tendr\u00e1 la propuesta de los modelos tipo flip.<\/p>\n\n\n\n<figure class=\"wp-block-image\"><img decoding=\"async\" src=\"https:\/\/tn.com.ar\/resizer\/v2\/iphone-fold-rumores-y-especulaciones-anticipan-el-primer-plegable-de-apple-foto-creada-con-chatgpt-GAZF2JOGQJDQTPEFSSTHU3IBAI.jpg?auth=9fd1d8ff2e79c83059ba72f4989416bc4b70ec873f5e3792421e4fa5eb977c9f&amp;width=767\" alt=\"iPhone Fold: rumores y especulaciones anticipan el primer plegable de Apple. (Foto: Creada con ChatGPT)\"\/><\/figure>\n\n\n\n<p>Recientemente, se mencion\u00f3 que\u00a0el primer iPhone que se dobla tendr\u00e1 un sensor de huellas, Touch ID, un componente que hab\u00eda salido de los tel\u00e9fonos de Apple en favor del reconocimiento facial (Face ID). Pero\u00a0<strong>el gran avance en este smartphone ser\u00eda la ausencia del pliegue<\/strong>: el fabricante habr\u00eda puesto especial atenci\u00f3n a eliminar la raya que queda marcada en los tel\u00e9fonos plegables, gracias a una combinaci\u00f3n entre avances en el panel y un sistema de bisagra disruptivo.<\/p>\n\n\n\n<p>El 2027 ser\u00e1 un a\u00f1o de celebraci\u00f3n para Apple: el iPhone, su producto estrella, cumplir\u00e1 dos d\u00e9cadas de recorrido. En la ocasi\u00f3n, la firma californiana festejar\u00e1 con un smartphone que reunir\u00eda varias innovaciones. Se llamar\u00eda\u00a0<strong>iPhone 20 Pro<\/strong>.<\/p>\n\n\n\n<figure class=\"wp-block-image\"><img decoding=\"async\" src=\"https:\/\/tn.com.ar\/resizer\/v2\/insiders-aseguran-que-el-iphone-20-pro-sera-un-telefono-mayormente-de-vidrio-y-curvo-foto-creada-con-chatgpt-TGN3WT3UWRBOZPPDLEJENS4UWU.png?auth=c72b6926955e15a44a5d1c6ef92595140adcb2e909473a21126586d20158989a&amp;width=767\" alt=\"Insiders aseguran que el iPhone 20 Pro ser\u00e1 un tel\u00e9fono mayormente de vidrio y curvo. (Foto: Creada con ChatGPT)\"\/><\/figure>\n\n\n\n<p>Seg\u00fan repasamos anteriormente, se espera que sea una&nbsp;<strong>placa de vidrio curvada, sin botones ni recortes en la pantalla<\/strong>. Con esto, Apple retomar\u00eda una idea que tuvieron Steve Jobs y Jony Ive (exjefe de dise\u00f1o en la compa\u00f1\u00eda), quienes intentaron crear un tel\u00e9fono en el que predomine el cristal, con la menor cantidad posible de interrupciones.<\/p>\n\n\n\n<p>Para conseguir un dise\u00f1o libre de recortes, Apple eliminar\u00eda la muesca en la pantalla. Para esto, el sistema de reconocimiento facial funcionar\u00eda debajo del&nbsp;<em>display<\/em>, mientras que la c\u00e1mara delantera se ubicar\u00eda en un orificio peque\u00f1o que estar\u00e1 en el lateral izquierdo. A un lado de los aspectos de dise\u00f1o, se rumorea que el fabricante cambiar\u00e1 la tecnolog\u00eda de la bater\u00eda, reemplazando el grafito por silicio y con esto consiguiendo un aumento en la autonom\u00eda.<\/p>\n\n\n\n<p><\/p>\n","protected":false},"excerpt":{"rendered":"<p>El tr\u00edo de tel\u00e9fonos del fabricante estadounidense se lanzar\u00edan de aqu\u00ed hasta el a\u00f1o 2027. \u00bfQu\u00e9 mejoras incluir\u00edan? Si bien\u00a0Apple esconde sus pr\u00f3ximos movimientos, en los pasillos de la industria&hellip; <\/p>\n","protected":false},"author":8,"featured_media":224256,"comment_status":"closed","ping_status":"open","sticky":false,"template":"","format":"standard","meta":{"footnotes":""},"categories":[24],"tags":[],"class_list":["post-224255","post","type-post","status-publish","format-standard","has-post-thumbnail","hentry","category-tecnologia"],"_links":{"self":[{"href":"https:\/\/corrientesdetarde.com\/index.php\/wp-json\/wp\/v2\/posts\/224255","targetHints":{"allow":["GET"]}}],"collection":[{"href":"https:\/\/corrientesdetarde.com\/index.php\/wp-json\/wp\/v2\/posts"}],"about":[{"href":"https:\/\/corrientesdetarde.com\/index.php\/wp-json\/wp\/v2\/types\/post"}],"author":[{"embeddable":true,"href":"https:\/\/corrientesdetarde.com\/index.php\/wp-json\/wp\/v2\/users\/8"}],"replies":[{"embeddable":true,"href":"https:\/\/corrientesdetarde.com\/index.php\/wp-json\/wp\/v2\/comments?post=224255"}],"version-history":[{"count":1,"href":"https:\/\/corrientesdetarde.com\/index.php\/wp-json\/wp\/v2\/posts\/224255\/revisions"}],"predecessor-version":[{"id":224257,"href":"https:\/\/corrientesdetarde.com\/index.php\/wp-json\/wp\/v2\/posts\/224255\/revisions\/224257"}],"wp:featuredmedia":[{"embeddable":true,"href":"https:\/\/corrientesdetarde.com\/index.php\/wp-json\/wp\/v2\/media\/224256"}],"wp:attachment":[{"href":"https:\/\/corrientesdetarde.com\/index.php\/wp-json\/wp\/v2\/media?parent=224255"}],"wp:term":[{"taxonomy":"category","embeddable":true,"href":"https:\/\/corrientesdetarde.com\/index.php\/wp-json\/wp\/v2\/categories?post=224255"},{"taxonomy":"post_tag","embeddable":true,"href":"https:\/\/corrientesdetarde.com\/index.php\/wp-json\/wp\/v2\/tags?post=224255"}],"curies":[{"name":"wp","href":"https:\/\/api.w.org\/{rel}","templated":true}]}}