{"id":224421,"date":"2025-08-27T15:23:57","date_gmt":"2025-08-27T18:23:57","guid":{"rendered":"https:\/\/corrientesdetarde.com\/?p=224421"},"modified":"2025-08-27T15:24:01","modified_gmt":"2025-08-27T18:24:01","slug":"piedrazos-y-tension-en-la-caravana-de-milei-en-lomas-de-zamora-evacuaron-de-urgencia-la-comitiva-presidencial","status":"publish","type":"post","link":"https:\/\/corrientesdetarde.com\/index.php\/politica\/piedrazos-y-tension-en-la-caravana-de-milei-en-lomas-de-zamora-evacuaron-de-urgencia-la-comitiva-presidencial\/","title":{"rendered":"Piedrazos y tensi\u00f3n en la caravana de Milei en Lomas de Zamora: evacuaron de urgencia la comitiva presidencial"},"content":{"rendered":"\n<p>Hubo fuertes incidentes durante la recorrida que el Presidente y su hermana Karina estaban por hacer junto a candidatos. El candidato Jos\u00e9 Luis Espert tuvo que irse en moto.<\/p>\n\n\n\n<p><strong>Javier Milei<\/strong>\u00a0y toda la comitiva presidencial fue evacuada de urgencia por los incidentes que se registraron al llegar la caravana a la plaza Lomas de Zamora. La recorrida de campa\u00f1a se organiz\u00f3 en la previa de las\u00a0<strong>elecciones bonaerenses\u00a0del 7 de septiembre<\/strong>.<\/p>\n\n\n\n<p>Su presencia se dio tras la pol\u00e9mica de los audios de<strong>\u00a0Diego Spagnuolo<\/strong>, el extitular de Andis (Agencia Nacional de Discapacidad),<strong>\u00a0que hablan de\u00a0presuntas coimas en el Gobierno.<\/strong><\/p>\n\n\n\n<p>Fue la segunda vez que el Presidente visit\u00f3 la Tercera Secci\u00f3n Electoral este a\u00f1o. La primera oportunidad tuvo lugar al comienzo de la campa\u00f1a de PBA, en La Matanza: all\u00ed se sac\u00f3 una foto con todos los candidatos de La Libertad Avanza y con una bandera que dec\u00eda&nbsp;<strong>\u201ckirchnerismo nunca m\u00e1s\u201d.<\/strong><\/p>\n\n\n\n<p>En Lomas de Zamora mantuvo el mismo lema, la polarizaci\u00f3n con el kirchnerismo. Adem\u00e1s, la intenci\u00f3n del oficialismo es potenciar a los candidatos locales, que quieren ganar una banca en la Legislatura y el Senado bonaerense, y<strong>&nbsp;que estar\u00e1n presentes en la caravana del jefe de Estado.<\/strong><\/p>\n\n\n\n<figure class=\"wp-block-image\"><img decoding=\"async\" src=\"https:\/\/tn.com.ar\/resizer\/v2\/javier-milei-estara-en-lomas-de-zamora-y-realizara-una-caravana-en-medio-de-la-campana-de-pba-foto-reutersmatias-baglietto-WHAXMIA26W4XJZEJMD7HYYVFNQ.jpg?auth=def094f0ea47f0d66138ba5131bb4fd115a1f242ae72eeb83e7c1566b31e12f7&amp;width=767\" alt=\"Javier Milei estar\u00e1 en Lomas de Zamora y realizar\u00e1 una caravana en medio de la campa\u00f1a de PBA. (Foto: REUTERS\/Matias Baglietto). \"\/><\/figure>\n\n\n\n<p>Tambi\u00e9n se esperan referentes nacionales, como Jos\u00e9 Luis Espert, Karen Reichardt y Diego Santilli. Los tres son candidatos a diputados nacionales por la Provincia.<\/p>\n\n\n\n<p>La actividad en este distrito no ser\u00e1 la \u00faltima del jefe de Estado. Seg\u00fan fuentes oficiales, encabezar\u00e1 otros actos proselitistas en distintos puntos de Buenos Aires&nbsp;<strong>hasta el cierre de campa\u00f1a, que ser\u00e1 en Moreno.<\/strong>&nbsp;Este partido pertenece a la Primera Secci\u00f3n Electoral, que es clave para la elecci\u00f3n: es la que mayor cantidad de electores tiene y donde&nbsp;<strong>m\u00e1s confianza presenta La Libertad Avanza de ganar la elecci\u00f3n.<\/strong><\/p>\n\n\n\n<h2 class=\"wp-block-heading\">Milei visitar\u00e1 Lomas de Zamora en medio del esc\u00e1ndalo por los audios de Spagnuolo<\/h2>\n\n\n\n<p>Milei mantuvo su agenda de campa\u00f1a a pesar de los audios donde el exfuncionario nacional hablaba de&nbsp;<strong>supuestos sobornos en el \u00e1rea de Discapacidad.<\/strong>&nbsp;<strong>Los archivos incluyeron el nombre de Karina Milei y de los Menem (Eduardo y Mart\u00edn)<\/strong>, dos personas de gran confianza para la hermana del Presidente.<\/p>\n\n\n\n<p>A pesar de ello, Milei ignor\u00f3 las acusaciones y, este lunes, elev\u00f3 la figura de la secretaria General de la Presidencia durante su exposici\u00f3n en Jun\u00edn,<strong>&nbsp;para agradecerle su rol como armadora nacional de LLA: \u201cGracias, Jefe\u201d.<\/strong><\/p>\n\n\n\n<figure class=\"wp-block-image\"><img decoding=\"async\" src=\"https:\/\/tn.com.ar\/resizer\/v2\/javier-milei-y-su-hermana-karina-abrazados-en-el-cierre-del-acto-en-junin-foto-captura-FFL252LXT5BI3G6G3BSRPZYG5A.jpeg?auth=8ddf687a235e0f22529338f84425869fe59833287dc76956d3ab9c6a4e61e905&amp;width=767\" alt=\"Javier Milei y su hermana Karina, abrazados, en el cierre del acto en Jun\u00edn. (Foto: Captura)\"\/><\/figure>\n\n\n\n<p>El discurso presidencial tambi\u00e9n sum\u00f3 cr\u00edticas al kirchnerismo.<strong>&nbsp;\u201cEste 7 de septiembre la provincia de Buenos Aires va a votar con una boleta que permite el fraude\u201d,<\/strong>&nbsp;dijo. Y agreg\u00f3: \u201cVan a usar un m\u00e9todo que permite el fraude.&nbsp;<strong>No solo eso, van a usar voto cadena, van a usar la urna embarazada, los punteros van a comprar pol\u00edticos y colegios.&nbsp;<\/strong>Hacen candidaturas testimoniales y tiran todo el aparato para tratar de torcer el rumbo que ya los argentinos de bien eligieron,&nbsp;<strong>que es el rumbo de la libertad\u201d.<\/strong><\/p>\n\n\n\n<p>Sin embargo, en ninguna parte de su exposici\u00f3n, el mandatario mencion\u00f3<strong>&nbsp;la pol\u00e9mica de los audios que salpica su gesti\u00f3n y que la Justicia investiga.<\/strong><\/p>\n\n\n\n<h2 class=\"wp-block-heading\">Federico Oterm\u00edn cuestion\u00f3 la caravana de Milei: \u201cNada m\u00e1s casta que una foto unos d\u00edas antes de las elecciones\u201d<\/h2>\n\n\n\n<p>Poco ante de la llegada de Milei a Lomas de Zamora, el intendente<strong>&nbsp;Federico Oterm\u00edn&nbsp;<\/strong>cuestion\u00f3 la recorrida de campa\u00f1a y le reclam\u00f3 que no vaya a trabajar. \u201cSer\u00eda la primera vez que venga en su presidencia.<strong>&nbsp;Nada m\u00e1s casta que aparecer para una foto unos d\u00edas antes de las elecciones.<\/strong>&nbsp;Nos encantar\u00eda<strong>&nbsp;que venga a laburar<\/strong>, a inaugurar una obra, a traer patrulleros, a ayudar a alguien\u201d, dijo en un comunicado que comparti\u00f3 en sus redes sociales.<\/p>\n\n\n\n<p>El jefe comunal tambi\u00e9n calific\u00f3 de \u201cabsurda la idea de&nbsp;<strong>obstaculizar la avenida Yrigoyen&nbsp;<\/strong>(una de las m\u00e1s transitadas del Conurbano) un d\u00eda y horario laborable,&nbsp;<strong>molestando<\/strong>&nbsp;a la gente, a comerciantes, a padres que buscan a sus hijos en el jard\u00edn, etc, generando un caos de tr\u00e1nsito, para una actividad pol\u00edtica que se deber\u00eda organizar en un lugar adecuado\u201d.<\/p>\n\n\n\n<p>\u201cVimos tambi\u00e9n en las redes convocatorias a repudiar a Milei. En ese sentido, como intendente de Lomas de Zamora me parece fundamental dar un mensaje de paz y respeto por la democracia.&nbsp;<strong>Que cada persona se exprese con tranquilidad y sin ning\u00fan tipo de violencia.<\/strong>&nbsp;Lomas de Zamora es Pueblo de la Paz. Por favor, que hoy est\u00e9 todo en paz\u201d, pidi\u00f3.<\/p>\n\n\n\n<p>El intendente camporista aprovech\u00f3 la oportunidad para se\u00f1alar que el lugar para reclamar es en las urnas: \u201cLos que quieran<strong>&nbsp;expresar su rechazo a Milei,<\/strong>&nbsp;y a su forma de gobernar de mulos del FMI; los que quieran respaldar a los jubilados, a los discapacitados, a los estudiantes, a los trabajadores de la salud, los que quieran la verdadera libertad para nuestro hermoso pa\u00eds, est\u00e1n las urnas<strong>&nbsp;el domingo 7 de septiembre, para votar con Fuerza Patria a Sol y a Magario; y el 26 de octubre a Taiana.<\/strong>&nbsp;Es la mejor forma de dar un mensaje de amor\u201d.<\/p>\n\n\n\n<p><\/p>\n","protected":false},"excerpt":{"rendered":"<p>Hubo fuertes incidentes durante la recorrida que el Presidente y su hermana Karina estaban por hacer junto a candidatos. El candidato Jos\u00e9 Luis Espert tuvo que irse en moto. Javier&hellip; <\/p>\n","protected":false},"author":8,"featured_media":224422,"comment_status":"closed","ping_status":"open","sticky":false,"template":"","format":"standard","meta":{"footnotes":""},"categories":[3],"tags":[],"class_list":["post-224421","post","type-post","status-publish","format-standard","has-post-thumbnail","hentry","category-politica"],"_links":{"self":[{"href":"https:\/\/corrientesdetarde.com\/index.php\/wp-json\/wp\/v2\/posts\/224421","targetHints":{"allow":["GET"]}}],"collection":[{"href":"https:\/\/corrientesdetarde.com\/index.php\/wp-json\/wp\/v2\/posts"}],"about":[{"href":"https:\/\/corrientesdetarde.com\/index.php\/wp-json\/wp\/v2\/types\/post"}],"author":[{"embeddable":true,"href":"https:\/\/corrientesdetarde.com\/index.php\/wp-json\/wp\/v2\/users\/8"}],"replies":[{"embeddable":true,"href":"https:\/\/corrientesdetarde.com\/index.php\/wp-json\/wp\/v2\/comments?post=224421"}],"version-history":[{"count":1,"href":"https:\/\/corrientesdetarde.com\/index.php\/wp-json\/wp\/v2\/posts\/224421\/revisions"}],"predecessor-version":[{"id":224423,"href":"https:\/\/corrientesdetarde.com\/index.php\/wp-json\/wp\/v2\/posts\/224421\/revisions\/224423"}],"wp:featuredmedia":[{"embeddable":true,"href":"https:\/\/corrientesdetarde.com\/index.php\/wp-json\/wp\/v2\/media\/224422"}],"wp:attachment":[{"href":"https:\/\/corrientesdetarde.com\/index.php\/wp-json\/wp\/v2\/media?parent=224421"}],"wp:term":[{"taxonomy":"category","embeddable":true,"href":"https:\/\/corrientesdetarde.com\/index.php\/wp-json\/wp\/v2\/categories?post=224421"},{"taxonomy":"post_tag","embeddable":true,"href":"https:\/\/corrientesdetarde.com\/index.php\/wp-json\/wp\/v2\/tags?post=224421"}],"curies":[{"name":"wp","href":"https:\/\/api.w.org\/{rel}","templated":true}]}}